{"id":67871,"date":"2025-11-14T16:34:35","date_gmt":"2025-11-14T13:34:35","guid":{"rendered":"https:\/\/www.egemtv.com\/?p=67871"},"modified":"2025-11-14T16:34:36","modified_gmt":"2025-11-14T13:34:36","slug":"sarigolde-kan-bagis-kampanyasina-yogun-ilgi","status":"publish","type":"post","link":"https:\/\/www.egemtv.com\/?p=67871","title":{"rendered":"Sar\u0131g\u00f6l\u2019de kan ba\u011f\u0131\u015f kampanyas\u0131na yo\u011fun ilgi"},"content":{"rendered":"<p>Manisa\u2019n\u0131n Sar\u0131g\u00f6l il\u00e7esinde K\u0131z\u0131lay taraf\u0131ndan d\u00fczenlenen kan ba\u011f\u0131\u015f kampanyas\u0131nda bir g\u00fcnde 30 \u00fcnite kan topland\u0131.<br \/>\n<br \/>Manisa T\u00fcrk K\u0131z\u0131lay\u2019\u0131 ile Sar\u0131g\u00f6l T\u00fcrk K\u0131z\u0131lay\u0131 taraf\u0131ndan ortakla\u015fa d\u00fczenlenen kan ba\u011f\u0131\u015f kampanyas\u0131 vatanda\u015flardan yo\u011fun ilgi g\u00f6rd\u00fc.<br \/>\n<br \/>Sar\u0131g\u00f6l H\u00fck\u00fcmet Kona\u011f\u0131 bah\u00e7esinde K\u0131z\u0131lay\u2019a ait kan al\u0131m arac\u0131nda ger\u00e7ekle\u015ftirilen kampanyada vatanda\u015flardan 30 \u00fcnite kan topland\u0131.<br \/>\n<br \/>Sar\u0131g\u00f6l K\u0131z\u0131lay \u015eube Ba\u015fkan\u0131 Yusuf T\u00fcfek\u00e7i, il\u00e7ede belirli d\u00f6nemlerde kan ba\u011f\u0131\u015f\u0131 kampanyalar\u0131 d\u00fczenlediklerini belirterek, &#8220;\u0130l\u00e7emizde belirli zamanlarda vatanda\u015flar\u0131m\u0131zdan kan ba\u011f\u0131\u015f\u0131 al\u0131mlar\u0131 yapmaktay\u0131z. Kan ba\u011f\u0131\u015f\u0131nda bulunan t\u00fcm vatanda\u015flar\u0131m\u0131za te\u015fekk\u00fcr ederim. Bir \u00fcnite kan, \u00fc\u00e7 hayat kurtarmaktad\u0131r. Sa\u011fl\u0131kl\u0131 ve ya\u015f\u0131 uygun olan her vatanda\u015f\u0131m\u0131z\u0131 kan ba\u011f\u0131\u015f\u0131na davet ediyorum&#8221; dedi.<br \/><\/p>\n","protected":false},"excerpt":{"rendered":"<p>Manisa\u2019n\u0131n Sar\u0131g\u00f6l il\u00e7esinde K\u0131z\u0131lay taraf\u0131ndan d\u00fczenlenen kan ba\u011f\u0131\u015f kampanyas\u0131nda bir g\u00fcnde 30 \u00fcnite kan topland\u0131. Manisa T\u00fcrk K\u0131z\u0131lay\u2019\u0131 ile Sar\u0131g\u00f6l T\u00fcrk K\u0131z\u0131lay\u0131 taraf\u0131ndan ortakla\u015fa d\u00fczenlenen kan ba\u011f\u0131\u015f kampanyas\u0131 vatanda\u015flardan yo\u011fun ilgi g\u00f6rd\u00fc. Sar\u0131g\u00f6l H\u00fck\u00fcmet Kona\u011f\u0131 bah\u00e7esinde K\u0131z\u0131lay\u2019a ait kan al\u0131m arac\u0131nda ger\u00e7ekle\u015ftirilen kampanyada vatanda\u015flardan 30 \u00fcnite kan topland\u0131. Sar\u0131g\u00f6l K\u0131z\u0131lay \u015eube Ba\u015fkan\u0131 Yusuf T\u00fcfek\u00e7i, il\u00e7ede&#8230;<\/p>\n","protected":false},"author":1,"featured_media":67872,"comment_status":"open","ping_status":"open","sticky":false,"template":"","format":"standard","meta":{"_crdt_document":"","footnotes":""},"categories":[2],"tags":[],"class_list":["post-67871","post","type-post","status-publish","format-standard","has-post-thumbnail","hentry","category-saglik"],"_links":{"self":[{"href":"https:\/\/www.egemtv.com\/index.php?rest_route=\/wp\/v2\/posts\/67871","targetHints":{"allow":["GET"]}}],"collection":[{"href":"https:\/\/www.egemtv.com\/index.php?rest_route=\/wp\/v2\/posts"}],"about":[{"href":"https:\/\/www.egemtv.com\/index.php?rest_route=\/wp\/v2\/types\/post"}],"author":[{"embeddable":true,"href":"https:\/\/www.egemtv.com\/index.php?rest_route=\/wp\/v2\/users\/1"}],"replies":[{"embeddable":true,"href":"https:\/\/www.egemtv.com\/index.php?rest_route=%2Fwp%2Fv2%2Fcomments&post=67871"}],"version-history":[{"count":1,"href":"https:\/\/www.egemtv.com\/index.php?rest_route=\/wp\/v2\/posts\/67871\/revisions"}],"predecessor-version":[{"id":67873,"href":"https:\/\/www.egemtv.com\/index.php?rest_route=\/wp\/v2\/posts\/67871\/revisions\/67873"}],"wp:featuredmedia":[{"embeddable":true,"href":"https:\/\/www.egemtv.com\/index.php?rest_route=\/wp\/v2\/media\/67872"}],"wp:attachment":[{"href":"https:\/\/www.egemtv.com\/index.php?rest_route=%2Fwp%2Fv2%2Fmedia&parent=67871"}],"wp:term":[{"taxonomy":"category","embeddable":true,"href":"https:\/\/www.egemtv.com\/index.php?rest_route=%2Fwp%2Fv2%2Fcategories&post=67871"},{"taxonomy":"post_tag","embeddable":true,"href":"https:\/\/www.egemtv.com\/index.php?rest_route=%2Fwp%2Fv2%2Ftags&post=67871"}],"curies":[{"name":"wp","href":"https:\/\/api.w.org\/{rel}","templated":true}]}}