{"id":67868,"date":"2025-11-14T16:14:54","date_gmt":"2025-11-14T13:14:54","guid":{"rendered":"https:\/\/www.egemtv.com\/?p=67868"},"modified":"2025-11-14T16:14:55","modified_gmt":"2025-11-14T13:14:55","slug":"aydin-buyuksehir-belediyesi-binlerce-kislik-fideyi-kusadalilar-ile-bulusturdu","status":"publish","type":"post","link":"https:\/\/www.egemtv.com\/?p=67868","title":{"rendered":"Ayd\u0131n B\u00fcy\u00fck\u015fehir Belediyesi binlerce k\u0131\u015fl\u0131k fideyi Ku\u015fadal\u0131lar ile bulu\u015fturdu"},"content":{"rendered":"<p>Ayd\u0131n B\u00fcy\u00fck\u015fehir Belediyesi taraf\u0131ndan ata tohumlar\u0131ndan \u00fcretilen fideler, Ku\u015fadas\u0131 il\u00e7esinde vatanda\u015flara da\u011f\u0131t\u0131ld\u0131.<\/p>\n<p>Ayd\u0131n B\u00fcy\u00fck\u015fehir Belediyesi, yerli \u00fcretimi ve do\u011fal tar\u0131m\u0131 destekleyen \u00e7al\u0131\u015fmalar\u0131na h\u0131z kesmeden devam ediyor. Ayd\u0131n B\u00fcy\u00fck\u015fehir Belediye Ba\u015fkan\u0131 \u00d6zlem \u00c7er\u00e7io\u011flu\u2019nun \u00f6nc\u00fcl\u00fc\u011f\u00fcnde y\u00fcr\u00fct\u00fclen, Ata Tohumlar\u0131n\u0131n gelecek nesillere aktar\u0131lmas\u0131 i\u00e7in hayata ge\u00e7irilen \u00e7al\u0131\u015fmalar kapsam\u0131nda, B\u00fcy\u00fck\u015fehir Belediyesi\u2019ne ait fidanl\u0131klarda yeti\u015ftirilen fideler vatanda\u015flarla bulu\u015fuyor. K\u0131\u015fl\u0131k fide da\u011f\u0131t\u0131m\u0131 ile vatanda\u015flar hem sa\u011fl\u0131kl\u0131 \u00fcretim yapma imkan\u0131 buluyor hem de Ata Tohumlar\u0131n\u0131n gelecek nesillere aktar\u0131lmas\u0131na katk\u0131 sunuyor.<\/p>\n<p>Ku\u015fadas\u0131\u2019nda binlerce vatanda\u015fa Ata Tohumlar\u0131ndan \u00fcretilen fideler \u00fccretsiz olarak da\u011f\u0131t\u0131ld\u0131. \u00c7al\u0131\u015fmalardan duyduklar\u0131 memnuniyeti dile getiren vatanda\u015flar, Ata Tohumlar\u0131n\u0131n korunmas\u0131n\u0131 ve yayg\u0131nla\u015fmas\u0131n\u0131 sa\u011flayan projeler i\u00e7in Ba\u015fkan \u00c7er\u00e7io\u011flu\u2019na te\u015fekk\u00fcr etti.<\/p>\n<p>Ba\u015fkan \u00c7er\u00e7io\u011flu, \u00e7al\u0131\u015fmalar\u0131n devam edece\u011fini belirterek, &#8220;Ata Tohumlar\u0131n\u0131 yaln\u0131zca korumakla kalm\u0131yor, gelecek nesillerimize aktarmak i\u00e7in \u00e7al\u0131\u015fmalar\u0131m\u0131z\u0131 s\u00fcrd\u00fcr\u00fcyoruz. Her vatanda\u015f\u0131m\u0131z\u0131n kendi bah\u00e7esinde, kendi topra\u011f\u0131nda temiz ve sa\u011fl\u0131kl\u0131 \u00fcr\u00fcn yeti\u015ftirebilmesi bizim i\u00e7in \u00e7ok k\u0131ymetli. Projelerimize, hizmetlerimize ve \u00e7al\u0131\u015fmalar\u0131m\u0131za devam edece\u011fiz&#8221; ifadelerini kulland\u0131.<br \/><\/p>\n","protected":false},"excerpt":{"rendered":"<p>Ayd\u0131n B\u00fcy\u00fck\u015fehir Belediyesi taraf\u0131ndan ata tohumlar\u0131ndan \u00fcretilen fideler, Ku\u015fadas\u0131 il\u00e7esinde vatanda\u015flara da\u011f\u0131t\u0131ld\u0131. Ayd\u0131n B\u00fcy\u00fck\u015fehir Belediyesi, yerli \u00fcretimi ve do\u011fal tar\u0131m\u0131 destekleyen \u00e7al\u0131\u015fmalar\u0131na h\u0131z kesmeden devam ediyor. Ayd\u0131n B\u00fcy\u00fck\u015fehir Belediye Ba\u015fkan\u0131 \u00d6zlem \u00c7er\u00e7io\u011flu\u2019nun \u00f6nc\u00fcl\u00fc\u011f\u00fcnde y\u00fcr\u00fct\u00fclen, Ata Tohumlar\u0131n\u0131n gelecek nesillere aktar\u0131lmas\u0131 i\u00e7in hayata ge\u00e7irilen \u00e7al\u0131\u015fmalar kapsam\u0131nda, B\u00fcy\u00fck\u015fehir Belediyesi\u2019ne ait fidanl\u0131klarda yeti\u015ftirilen fideler vatanda\u015flarla bulu\u015fuyor. K\u0131\u015fl\u0131k fide da\u011f\u0131t\u0131m\u0131&#8230;<\/p>\n","protected":false},"author":1,"featured_media":67869,"comment_status":"open","ping_status":"open","sticky":false,"template":"","format":"standard","meta":{"_crdt_document":"","footnotes":""},"categories":[1],"tags":[],"class_list":["post-67868","post","type-post","status-publish","format-standard","has-post-thumbnail","hentry","category-guncel"],"_links":{"self":[{"href":"https:\/\/www.egemtv.com\/index.php?rest_route=\/wp\/v2\/posts\/67868","targetHints":{"allow":["GET"]}}],"collection":[{"href":"https:\/\/www.egemtv.com\/index.php?rest_route=\/wp\/v2\/posts"}],"about":[{"href":"https:\/\/www.egemtv.com\/index.php?rest_route=\/wp\/v2\/types\/post"}],"author":[{"embeddable":true,"href":"https:\/\/www.egemtv.com\/index.php?rest_route=\/wp\/v2\/users\/1"}],"replies":[{"embeddable":true,"href":"https:\/\/www.egemtv.com\/index.php?rest_route=%2Fwp%2Fv2%2Fcomments&post=67868"}],"version-history":[{"count":1,"href":"https:\/\/www.egemtv.com\/index.php?rest_route=\/wp\/v2\/posts\/67868\/revisions"}],"predecessor-version":[{"id":67870,"href":"https:\/\/www.egemtv.com\/index.php?rest_route=\/wp\/v2\/posts\/67868\/revisions\/67870"}],"wp:featuredmedia":[{"embeddable":true,"href":"https:\/\/www.egemtv.com\/index.php?rest_route=\/wp\/v2\/media\/67869"}],"wp:attachment":[{"href":"https:\/\/www.egemtv.com\/index.php?rest_route=%2Fwp%2Fv2%2Fmedia&parent=67868"}],"wp:term":[{"taxonomy":"category","embeddable":true,"href":"https:\/\/www.egemtv.com\/index.php?rest_route=%2Fwp%2Fv2%2Fcategories&post=67868"},{"taxonomy":"post_tag","embeddable":true,"href":"https:\/\/www.egemtv.com\/index.php?rest_route=%2Fwp%2Fv2%2Ftags&post=67868"}],"curies":[{"name":"wp","href":"https:\/\/api.w.org\/{rel}","templated":true}]}}