{"id":67865,"date":"2025-11-14T15:36:11","date_gmt":"2025-11-14T12:36:11","guid":{"rendered":"https:\/\/www.egemtv.com\/?p=67865"},"modified":"2025-11-14T15:36:13","modified_gmt":"2025-11-14T12:36:13","slug":"didim-belediyesinden-kadinlara-ozel-moda-tasarim-ve-dikis-egitimi","status":"publish","type":"post","link":"https:\/\/www.egemtv.com\/?p=67865","title":{"rendered":"Didim Belediyesi\u2019nden kad\u0131nlara \u00f6zel moda tasar\u0131m ve diki\u015f e\u011fitimi"},"content":{"rendered":"<p>Didim Belediyesi, kad\u0131nlar\u0131n \u00fcretim g\u00fcc\u00fcn\u00fc art\u0131rmak amac\u0131yla Kad\u0131n ve Aile Dan\u0131\u015fma Merkezi\u2019nde uygulamal\u0131 moda ve diki\u015f e\u011fitimi i\u00e7in ba\u015fvurular\u0131 ba\u015flat\u0131rken, t\u00fcm kad\u0131nlar\u0131 kursa davet etti.<\/p>\n<p>Didim Belediyesi, kad\u0131nlar\u0131n \u00fcretim g\u00fcc\u00fcn\u00fc art\u0131rmak ve yeteneklerini desteklemek amac\u0131yla Uygulamal\u0131 Moda Tasar\u0131m ve Temel Diki\u015f E\u011fitimi Kursu\u2019nu hayata ge\u00e7iriyor. Kad\u0131n ve Aile Dan\u0131\u015fma Merkezi\u2019nde ger\u00e7ekle\u015ftirilecek e\u011fitim program\u0131 ile kat\u0131l\u0131mc\u0131lar, kendi tasar\u0131mlar\u0131n\u0131 \u00fcretebilecekleri uygulamal\u0131 bir s\u00fcrece dahil olacak. Ba\u015fvurular 17-21 Kas\u0131m 2025 tarihleri aras\u0131nda Kad\u0131n ve Aile Dan\u0131\u015fma Merkezi\u2019ne \u015fahsen yap\u0131lacak. Kursa 18-55 ya\u015f aras\u0131 kad\u0131nlar ba\u015fvurabilecek olup kontenjan\u0131n s\u0131n\u0131rl\u0131 oldu\u011fu belirtildi. Kad\u0131nlara \u00f6zel programla kad\u0131nlar\u0131n \u00fcretim kapasitesini geli\u015ftirmeyi ve yeni beceriler kazand\u0131rmay\u0131 hedeflediklerini duyuran Didim Belediyesi, t\u00fcm kad\u0131nlar\u0131 ba\u015fvuru yapmaya davet etti.<br \/><\/p>\n","protected":false},"excerpt":{"rendered":"<p>Didim Belediyesi, kad\u0131nlar\u0131n \u00fcretim g\u00fcc\u00fcn\u00fc art\u0131rmak amac\u0131yla Kad\u0131n ve Aile Dan\u0131\u015fma Merkezi\u2019nde uygulamal\u0131 moda ve diki\u015f e\u011fitimi i\u00e7in ba\u015fvurular\u0131 ba\u015flat\u0131rken, t\u00fcm kad\u0131nlar\u0131 kursa davet etti. Didim Belediyesi, kad\u0131nlar\u0131n \u00fcretim g\u00fcc\u00fcn\u00fc art\u0131rmak ve yeteneklerini desteklemek amac\u0131yla Uygulamal\u0131 Moda Tasar\u0131m ve Temel Diki\u015f E\u011fitimi Kursu\u2019nu hayata ge\u00e7iriyor. Kad\u0131n ve Aile Dan\u0131\u015fma Merkezi\u2019nde ger\u00e7ekle\u015ftirilecek e\u011fitim program\u0131 ile kat\u0131l\u0131mc\u0131lar,&#8230;<\/p>\n","protected":false},"author":1,"featured_media":67866,"comment_status":"open","ping_status":"open","sticky":false,"template":"","format":"standard","meta":{"_crdt_document":"","footnotes":""},"categories":[1],"tags":[],"class_list":["post-67865","post","type-post","status-publish","format-standard","has-post-thumbnail","hentry","category-guncel"],"_links":{"self":[{"href":"https:\/\/www.egemtv.com\/index.php?rest_route=\/wp\/v2\/posts\/67865","targetHints":{"allow":["GET"]}}],"collection":[{"href":"https:\/\/www.egemtv.com\/index.php?rest_route=\/wp\/v2\/posts"}],"about":[{"href":"https:\/\/www.egemtv.com\/index.php?rest_route=\/wp\/v2\/types\/post"}],"author":[{"embeddable":true,"href":"https:\/\/www.egemtv.com\/index.php?rest_route=\/wp\/v2\/users\/1"}],"replies":[{"embeddable":true,"href":"https:\/\/www.egemtv.com\/index.php?rest_route=%2Fwp%2Fv2%2Fcomments&post=67865"}],"version-history":[{"count":1,"href":"https:\/\/www.egemtv.com\/index.php?rest_route=\/wp\/v2\/posts\/67865\/revisions"}],"predecessor-version":[{"id":67867,"href":"https:\/\/www.egemtv.com\/index.php?rest_route=\/wp\/v2\/posts\/67865\/revisions\/67867"}],"wp:featuredmedia":[{"embeddable":true,"href":"https:\/\/www.egemtv.com\/index.php?rest_route=\/wp\/v2\/media\/67866"}],"wp:attachment":[{"href":"https:\/\/www.egemtv.com\/index.php?rest_route=%2Fwp%2Fv2%2Fmedia&parent=67865"}],"wp:term":[{"taxonomy":"category","embeddable":true,"href":"https:\/\/www.egemtv.com\/index.php?rest_route=%2Fwp%2Fv2%2Fcategories&post=67865"},{"taxonomy":"post_tag","embeddable":true,"href":"https:\/\/www.egemtv.com\/index.php?rest_route=%2Fwp%2Fv2%2Ftags&post=67865"}],"curies":[{"name":"wp","href":"https:\/\/api.w.org\/{rel}","templated":true}]}}