{"id":67862,"date":"2025-11-14T15:14:42","date_gmt":"2025-11-14T12:14:42","guid":{"rendered":"https:\/\/www.egemtv.com\/?p=67862"},"modified":"2025-11-14T15:14:43","modified_gmt":"2025-11-14T12:14:43","slug":"karayollari-tarafindan-demircide-sicak-asfalt-calismalarina-baslandi","status":"publish","type":"post","link":"https:\/\/www.egemtv.com\/?p=67862","title":{"rendered":"Karayollar\u0131 taraf\u0131ndan Demirci\u2019de s\u0131cak asfalt \u00e7al\u0131\u015fmalar\u0131na ba\u015fland\u0131"},"content":{"rendered":"<p>Manisa\u2019n\u0131n Demirci il\u00e7esinde karayollar\u0131 a\u011f\u0131nda bulunan 20 kilometrelik yola 3 katmanl\u0131 s\u0131cak asfalt yap\u0131m\u0131na ba\u015fland\u0131.<br \/>\n<br \/>Karayollar\u0131 2. B\u00f6lge M\u00fcd\u00fcrl\u00fc\u011f\u00fcnce yap\u0131lan s\u0131cak asfalt \u00e7al\u0131\u015fmalar\u0131 kapsam\u0131nda Demirci il\u00e7e Merkezinde 6 kilometre, Demirci &#8211; Salihli K\u0131lavuzlar aras\u0131nda ise 14 olmak \u00fczere 20 kilometrelik s\u0131cak asfalt \u00e7al\u0131\u015fmalar\u0131na ba\u015fland\u0131.<br \/>\n<br \/>\u0130l\u00e7e merkezi Nurullah Do\u011fruel Bulvar\u0131ndan ba\u015flayan s\u0131cak asfalt \u00e7al\u0131\u015fmalar\u0131 Simav \u00e7\u0131k\u0131\u015f\u0131 Necmettin Erbakan Kav\u015fa\u011f\u0131 istikametinde s\u00fcrd\u00fcr\u00fcl\u00fcyor.<br \/>\n<br \/>S\u0131cak asfalt \u00e7al\u0131\u015fmalar\u0131 kapsam\u0131nda karayollar\u0131 ekiplerince yolun 700 metrelik k\u0131sm\u0131na da istinat duvar\u0131 \u00f6r\u00fcld\u00fc\u011f\u00fc \u00f6\u011frenildi.<br \/>\n<br \/>Demirci Belediye Ba\u015fkan\u0131 Erkan Kara yapt\u0131\u011f\u0131 a\u00e7\u0131klamada, &#8220;Ula\u015ft\u0131rma ve Altyap\u0131 Bakanl\u0131\u011f\u0131m\u0131z ile yapt\u0131\u011f\u0131m\u0131z g\u00f6r\u00fc\u015fmeler neticesinde il\u00e7emiz karayolu a\u011f\u0131nda bulunan yollarda s\u0131cak asfalt ve yap\u0131 \u00e7al\u0131\u015fmalar\u0131na ba\u015fland\u0131. Demirci K\u0131lavuzlar aras\u0131ndaki s\u0131cak asfalt\u0131m\u0131z\u0131n karayollar\u0131 denetmeni olan m\u00fchendisimiz \u0130brahim Bey ile beraber ilk s\u0131cak asfalt\u0131n\u0131, 6 kilometre olarak at\u0131yoruz. \u0130n\u015fallah bu sene 6 kilometreyi bitirip geri kalan 14 kilometreyi de seneye bitirip toplamda 20 kilometreyi vatanda\u015flar\u0131m\u0131za s\u0131cak asfaltla kavu\u015fturaca\u011f\u0131z. Toplamda 19 santimetrelik bir asfalt kal\u0131nl\u0131\u011f\u0131m\u0131z olacak. Bunun 14 santimetresini bu sene ataca\u011f\u0131z. A\u015f\u0131nma en \u00fcst tabakas\u0131n\u0131 seneye art\u0131k yoldaki t\u00fcm ond\u00fclasyonlar bittikten sonra ataca\u011f\u0131z. Art\u0131k 20 kilometrelik bir s\u0131cak asfaltta \u00f6n\u00fcm\u00fczdeki y\u0131l kavu\u015fmu\u015f olaca\u011f\u0131z. Bu sene 6\u2019s\u0131, seneye de 14 olmak \u00fczere 20 kilometrelik kesimde bir s\u0131cak asfaltta kavu\u015fmu\u015f olaca\u011f\u0131z.&#8221; dedi.<br \/>\n<br \/>Ba\u015fkan Kara ayr\u0131ca, yap\u0131m\u0131 yar\u0131m kalan Selendi karayolunun da ihalesinin 21 Kas\u0131m 2025 tarihinde yap\u0131laca\u011f\u0131n\u0131 s\u00f6zlerine ekleyerek, hedeflerinin il\u00e7e merkezi ba\u015fta olmak \u00fczere \u015fehirleraras\u0131 ula\u015f\u0131m yollar\u0131n\u0131 en iyi \u015fekilde yapmak oldu\u011funu vurgulad\u0131.<br \/><\/p>\n","protected":false},"excerpt":{"rendered":"<p>Manisa\u2019n\u0131n Demirci il\u00e7esinde karayollar\u0131 a\u011f\u0131nda bulunan 20 kilometrelik yola 3 katmanl\u0131 s\u0131cak asfalt yap\u0131m\u0131na ba\u015fland\u0131. Karayollar\u0131 2. B\u00f6lge M\u00fcd\u00fcrl\u00fc\u011f\u00fcnce yap\u0131lan s\u0131cak asfalt \u00e7al\u0131\u015fmalar\u0131 kapsam\u0131nda Demirci il\u00e7e Merkezinde 6 kilometre, Demirci &#8211; Salihli K\u0131lavuzlar aras\u0131nda ise 14 olmak \u00fczere 20 kilometrelik s\u0131cak asfalt \u00e7al\u0131\u015fmalar\u0131na ba\u015fland\u0131. \u0130l\u00e7e merkezi Nurullah Do\u011fruel Bulvar\u0131ndan ba\u015flayan s\u0131cak asfalt \u00e7al\u0131\u015fmalar\u0131 Simav \u00e7\u0131k\u0131\u015f\u0131&#8230;<\/p>\n","protected":false},"author":1,"featured_media":67863,"comment_status":"open","ping_status":"open","sticky":false,"template":"","format":"standard","meta":{"_crdt_document":"","footnotes":""},"categories":[127],"tags":[],"class_list":["post-67862","post","type-post","status-publish","format-standard","has-post-thumbnail","hentry","category-siyaset"],"_links":{"self":[{"href":"https:\/\/www.egemtv.com\/index.php?rest_route=\/wp\/v2\/posts\/67862","targetHints":{"allow":["GET"]}}],"collection":[{"href":"https:\/\/www.egemtv.com\/index.php?rest_route=\/wp\/v2\/posts"}],"about":[{"href":"https:\/\/www.egemtv.com\/index.php?rest_route=\/wp\/v2\/types\/post"}],"author":[{"embeddable":true,"href":"https:\/\/www.egemtv.com\/index.php?rest_route=\/wp\/v2\/users\/1"}],"replies":[{"embeddable":true,"href":"https:\/\/www.egemtv.com\/index.php?rest_route=%2Fwp%2Fv2%2Fcomments&post=67862"}],"version-history":[{"count":1,"href":"https:\/\/www.egemtv.com\/index.php?rest_route=\/wp\/v2\/posts\/67862\/revisions"}],"predecessor-version":[{"id":67864,"href":"https:\/\/www.egemtv.com\/index.php?rest_route=\/wp\/v2\/posts\/67862\/revisions\/67864"}],"wp:featuredmedia":[{"embeddable":true,"href":"https:\/\/www.egemtv.com\/index.php?rest_route=\/wp\/v2\/media\/67863"}],"wp:attachment":[{"href":"https:\/\/www.egemtv.com\/index.php?rest_route=%2Fwp%2Fv2%2Fmedia&parent=67862"}],"wp:term":[{"taxonomy":"category","embeddable":true,"href":"https:\/\/www.egemtv.com\/index.php?rest_route=%2Fwp%2Fv2%2Fcategories&post=67862"},{"taxonomy":"post_tag","embeddable":true,"href":"https:\/\/www.egemtv.com\/index.php?rest_route=%2Fwp%2Fv2%2Ftags&post=67862"}],"curies":[{"name":"wp","href":"https:\/\/api.w.org\/{rel}","templated":true}]}}