{"id":67859,"date":"2025-11-14T15:14:41","date_gmt":"2025-11-14T12:14:41","guid":{"rendered":"https:\/\/www.egemtv.com\/?p=67859"},"modified":"2025-11-14T15:14:42","modified_gmt":"2025-11-14T12:14:42","slug":"aliaga-belediyesi-karate-kursunda-75-sporcu-yeni-kusagina-kavustu","status":"publish","type":"post","link":"https:\/\/www.egemtv.com\/?p=67859","title":{"rendered":"Alia\u011fa Belediyesi Karate Kursu\u2019nda 75 sporcu yeni ku\u015fa\u011f\u0131na kavu\u015ftu"},"content":{"rendered":"<p>Alia\u011fa Gen\u00e7lik Merkezi Karate Kursu\u2019nun 2025 Ekim d\u00f6nemi ku\u015fak s\u0131nav\u0131nda 75 sporcu bir \u00fcst seviyeye y\u00fckseldi ve yeni ku\u015faklar\u0131 d\u00fczenlenen t\u00f6rende Belediye Ba\u015fkan\u0131 Serkan Acar takdim etti. Sporcular, \u00f6n\u00fcm\u00fczdeki g\u00fcnlerde Y\u0131ld\u0131zlar Ligi m\u00fcsabakalar\u0131na haz\u0131rlanarak milli tak\u0131m ve T\u00fcrkiye \u015eampiyonas\u0131 hedefiyle \u00e7al\u0131\u015fmalar\u0131n\u0131 s\u00fcrd\u00fcrecek.<br \/>\n<br \/>Alia\u011fa Gen\u00e7lik Merkezi Spor Kul\u00fcb\u00fc Karate Kursu\u2019nda 2025 y\u0131l\u0131 ekim d\u00f6nemi ku\u015fak s\u0131nav\u0131 ba\u015far\u0131yla tamamland\u0131. D\u00f6rt ayda bir d\u00fczenlenen s\u0131navlarda performanslar\u0131n\u0131 sergileyen 75 sporcu, bir \u00fcst ku\u015fa\u011fa ge\u00e7meye hak kazand\u0131. Karatecilerin yeni ku\u015faklar\u0131 d\u00fczenlenen t\u00f6rende Alia\u011fa Belediye Ba\u015fkan\u0131 Serkan Acar taraf\u0131ndan takdim edildi. Ku\u015fak takdim t\u00f6reninde sporcular\u0131n heyecan\u0131na ortak olan Ba\u015fkan Serkan Acar, aileleri ve antren\u00f6rleri tebrik ederek karate kursunun her ge\u00e7en g\u00fcn daha da g\u00fc\u00e7lenen bir spor altyap\u0131s\u0131na sahip oldu\u011funa dikkat \u00e7ekti.<\/p>\n<p>Y\u0131ld\u0131zlar Ligi hedefi: Milli Tak\u0131m ve T\u00fcrkiye \u015fampiyonas\u0131<br \/>\n<br \/>Ku\u015fak t\u00f6reninin ard\u0131ndan sporcular, antren\u00f6rleri Nezahat Ayhan ve Caner Karaca e\u015fli\u011finde \u00e7al\u0131\u015fmalar\u0131na ara vermeden devam edecek. Alia\u011fa Belediyesi Karate tak\u0131m\u0131, 21 Kas\u0131m\u2019da Denizli\u2019de d\u00fczenlenecek Y\u0131ld\u0131zlar Ligi m\u00fcsabakalar\u0131na 10 sporcu ile kat\u0131lacak. \u00dc\u00e7 etap halinde yap\u0131lacak ligde birincilik elde eden sporcular, milli tak\u0131m kamp\u0131na davet edilecek ve ard\u0131ndan T\u00fcrkiye \u015eampiyonas\u0131\u2019nda m\u00fccadele etme f\u0131rsat\u0131 yakalayacak.<\/p>\n<p>&#8220;Ku\u015fak atlamak bir sembol; aslolan disiplin ve karakter&#8221;<br \/>\n<br \/>Alia\u011fa Belediyesi Karate Antren\u00f6r\u00fc Nezahat Ayhan, ku\u015fak s\u0131nav\u0131n\u0131 ge\u00e7en t\u00fcm \u00f6\u011frencileri tebrik ederek karate sporunun sadece tekniklerden ibaret olmad\u0131\u011f\u0131n\u0131 vurgulad\u0131. Ayhan, &#8220;Ku\u015fak atlamak; olgunla\u015fman\u0131n, geli\u015fimin ve m\u00fckemmelle\u015fmenin bir sembol\u00fcd\u00fcr. Bizim as\u0131l amac\u0131m\u0131z; \u00e7ocuklar\u0131m\u0131za sadece savunma tekniklerini de\u011fil, d\u00fcr\u00fcstl\u00fck, sayg\u0131, disiplin ve kurallara ba\u011fl\u0131l\u0131\u011f\u0131 \u00f6\u011fretmektir&#8221; dedi. Ayhan ayr\u0131ca desteklerinden dolay\u0131 Alia\u011fa Belediye Ba\u015fkan\u0131 Serkan Acar\u2019a te\u015fekk\u00fcr etti.<\/p>\n<p>Ba\u015fkan Acar: &#8220;\u00c7ocuklar\u0131m\u0131z\u0131n ba\u015far\u0131s\u0131 Alia\u011fa ad\u0131na gurur verici&#8221;<br \/>\n<br \/>Ku\u015fak terfi t\u00f6reninde konu\u015fan Alia\u011fa Belediye Ba\u015fkan\u0131 Serkan Acar, sporcular\u0131 ve ailelerini tebrik ederek \u015funlar\u0131 s\u00f6yledi: &#8220;\u00d6ncelikle t\u00fcm sporcular\u0131m\u0131z\u0131 tebrik ediyor, ba\u015far\u0131lar\u0131n\u0131n devam etmesini diliyorum. Ailelerimize de te\u015fekk\u00fcr ediyorum; \u00e7ocuklar\u0131m\u0131z\u0131n yan\u0131nda olarak b\u00fcy\u00fck bir \u00f6zveri ortaya koyuyorsunuz. Karate kursumuzda \u00e7ocuklar\u0131m\u0131z disiplinle ilerliyor ve \u00f6nemli ba\u015far\u0131lar elde ediyor. Bizler de onlar\u0131n ba\u015far\u0131s\u0131yla gurur duyuyoruz. En b\u00fcy\u00fck hayalimiz, Alia\u011fa\u2019dan yeti\u015fen sporcular\u0131m\u0131z\u0131 olimpiyatlarda g\u00f6rmek ve \u0130stiklal Mar\u015f\u0131\u2019m\u0131z e\u015fli\u011finde T\u00fcrk Bayra\u011f\u0131\u2019n\u0131 dalgaland\u0131rmak. E\u011fitimlerine emek veren antren\u00f6rlerimize de ayr\u0131ca te\u015fekk\u00fcr ediyorum.&#8221;<br \/><\/p>\n","protected":false},"excerpt":{"rendered":"<p>Alia\u011fa Gen\u00e7lik Merkezi Karate Kursu\u2019nun 2025 Ekim d\u00f6nemi ku\u015fak s\u0131nav\u0131nda 75 sporcu bir \u00fcst seviyeye y\u00fckseldi ve yeni ku\u015faklar\u0131 d\u00fczenlenen t\u00f6rende Belediye Ba\u015fkan\u0131 Serkan Acar takdim etti. Sporcular, \u00f6n\u00fcm\u00fczdeki g\u00fcnlerde Y\u0131ld\u0131zlar Ligi m\u00fcsabakalar\u0131na haz\u0131rlanarak milli tak\u0131m ve T\u00fcrkiye \u015eampiyonas\u0131 hedefiyle \u00e7al\u0131\u015fmalar\u0131n\u0131 s\u00fcrd\u00fcrecek. Alia\u011fa Gen\u00e7lik Merkezi Spor Kul\u00fcb\u00fc Karate Kursu\u2019nda 2025 y\u0131l\u0131 ekim d\u00f6nemi ku\u015fak s\u0131nav\u0131&#8230;<\/p>\n","protected":false},"author":1,"featured_media":67860,"comment_status":"open","ping_status":"open","sticky":false,"template":"","format":"standard","meta":{"_crdt_document":"","footnotes":""},"categories":[1],"tags":[],"class_list":["post-67859","post","type-post","status-publish","format-standard","has-post-thumbnail","hentry","category-guncel"],"_links":{"self":[{"href":"https:\/\/www.egemtv.com\/index.php?rest_route=\/wp\/v2\/posts\/67859","targetHints":{"allow":["GET"]}}],"collection":[{"href":"https:\/\/www.egemtv.com\/index.php?rest_route=\/wp\/v2\/posts"}],"about":[{"href":"https:\/\/www.egemtv.com\/index.php?rest_route=\/wp\/v2\/types\/post"}],"author":[{"embeddable":true,"href":"https:\/\/www.egemtv.com\/index.php?rest_route=\/wp\/v2\/users\/1"}],"replies":[{"embeddable":true,"href":"https:\/\/www.egemtv.com\/index.php?rest_route=%2Fwp%2Fv2%2Fcomments&post=67859"}],"version-history":[{"count":1,"href":"https:\/\/www.egemtv.com\/index.php?rest_route=\/wp\/v2\/posts\/67859\/revisions"}],"predecessor-version":[{"id":67861,"href":"https:\/\/www.egemtv.com\/index.php?rest_route=\/wp\/v2\/posts\/67859\/revisions\/67861"}],"wp:featuredmedia":[{"embeddable":true,"href":"https:\/\/www.egemtv.com\/index.php?rest_route=\/wp\/v2\/media\/67860"}],"wp:attachment":[{"href":"https:\/\/www.egemtv.com\/index.php?rest_route=%2Fwp%2Fv2%2Fmedia&parent=67859"}],"wp:term":[{"taxonomy":"category","embeddable":true,"href":"https:\/\/www.egemtv.com\/index.php?rest_route=%2Fwp%2Fv2%2Fcategories&post=67859"},{"taxonomy":"post_tag","embeddable":true,"href":"https:\/\/www.egemtv.com\/index.php?rest_route=%2Fwp%2Fv2%2Ftags&post=67859"}],"curies":[{"name":"wp","href":"https:\/\/api.w.org\/{rel}","templated":true}]}}