{"id":67823,"date":"2025-11-14T12:54:53","date_gmt":"2025-11-14T09:54:53","guid":{"rendered":"https:\/\/www.egemtv.com\/?p=67823"},"modified":"2025-11-14T12:54:54","modified_gmt":"2025-11-14T09:54:54","slug":"denizli-3-venezuela-turk-ihrac-urunleri-fuarinda-yerini-aldi","status":"publish","type":"post","link":"https:\/\/www.egemtv.com\/?p=67823","title":{"rendered":"Denizli 3. Venezuela T\u00fcrk \u0130hra\u00e7 \u00dcr\u00fcnleri Fuar\u0131nda yerini ald\u0131"},"content":{"rendered":"<p>Venezuela\u2019n\u0131n ba\u015fkenti Karakas\u2019ta d\u00fczenlenen 3. Venezuela T\u00fcrk \u0130hra\u00e7 \u00dcr\u00fcnleri Fuar\u0131 ba\u015flad\u0131. 13-15 Kas\u0131m tarihleri aras\u0131nda d\u00fczenlenen fuara ili\u015fkin DEN\u0130B Ba\u015fkan\u0131 H\u00fcseyin Memi\u015fo\u011flu, &#8220;T\u00fcrk firmalar\u0131n\u0131n bu t\u00fcr organizasyonlara aktif kat\u0131l\u0131m\u0131, \u00fclkemizin ihracat vizyonuna \u00f6nemli bir ivme kazand\u0131r\u0131yor&#8221; dedi.<br \/>\n<br \/>13-15 Kas\u0131m 2025 tarihleri aras\u0131nda Venezuela\u2019n\u0131n ba\u015fkenti Karakas\u2019ta d\u00fczenlenen 3. Venezuela T\u00fcrk \u0130hra\u00e7 \u00dcr\u00fcnleri Fuar\u0131\u2019nda, Bat\u0131 Akdeniz \u0130hracat\u00e7\u0131lar Birli\u011fi (BA\u0130B), Denizli \u0130hracat\u00e7\u0131lar Birli\u011fi (DEN\u0130B), Do\u011fu Anadolu \u0130hracat\u00e7\u0131lar Birli\u011fi (DA\u0130B) ve Do\u011fu Karadeniz \u0130hracat\u00e7\u0131lar Birli\u011fi (DK\u0130B) ortak stant alan\u0131 ile yer alarak T\u00fcrk ihracat\u0131n\u0131n g\u00fcc\u00fcn\u00fc birlikte sergiliyor. Fuar kapsam\u0131nda de\u011ferlendirmelerde bulunan Denizli \u0130hracat\u00e7\u0131lar Birli\u011fi (DEN\u0130B) Ba\u015fkan\u0131 H\u00fcseyin Memi\u015fo\u011flu, Latin Amerika\u2019n\u0131n ihracat\u00e7\u0131lar a\u00e7\u0131s\u0131ndan \u00f6nemine dikkat \u00e7ekerek \u015fu ifadeleri kulland\u0131: &#8220;Latin Amerika b\u00f6lgesi, ihracat\u00e7\u0131lar\u0131m\u0131z i\u00e7in b\u00fcy\u00fck potansiyele sahip, dinamik ve geli\u015fmekte olan pazarlardan biri konumunda. T\u00fcrkiye\u2019nin bu b\u00f6lgedeki ticari g\u00f6r\u00fcn\u00fcrl\u00fc\u011f\u00fcn\u00fcn artmas\u0131, yaln\u0131zca yeni ticaret k\u00f6pr\u00fclerinin kurulmas\u0131na de\u011fil, ayn\u0131 zamanda mevcut ekonomik ili\u015fkilerin daha da g\u00fc\u00e7lenmesine katk\u0131 sa\u011fl\u0131yor. T\u00fcrk firmalar\u0131n\u0131n bu t\u00fcr organizasyonlara aktif kat\u0131l\u0131m\u0131, \u00fclkemizin ihracat vizyonuna \u00f6nemli bir ivme kazand\u0131r\u0131yor.&#8221;<\/p>\n<p>&#8220;2024 y\u0131l\u0131nda Venezuela\u2019ya y\u0131ll\u0131k 1 milyon dolar band\u0131nda ihracat ger\u00e7ekle\u015ftirdik&#8221;<br \/>\n<br \/>Venezuela\u2019ya y\u00f6nelik ihracat rakamlar\u0131na da de\u011finen DEN\u0130B Ba\u015fkan\u0131 H\u00fcseyin Memi\u015fo\u011flu, &#8220;Denizli olarak 2024 y\u0131l\u0131nda Venezuela\u2019ya y\u0131ll\u0131k 1 milyon dolar band\u0131nda ihracat ger\u00e7ekle\u015ftirdik. \u0130hra\u00e7 etti\u011fimiz \u00fcr\u00fcnlerde \u00e7elik, seramik mamulleri, su \u00fcr\u00fcnleri ve do\u011fal ta\u015f \u00f6ne \u00e7\u0131k\u0131yor ve toplam ihracat\u0131m\u0131z\u0131n b\u00fcy\u00fck bir k\u0131sm\u0131n\u0131 bu \u00fcr\u00fcn grubu olu\u015fturuyor. Bu durum, b\u00f6lgede \u00fcr\u00fcn \u00e7e\u015fitlili\u011fimizi art\u0131rd\u0131\u011f\u0131m\u0131z\u0131n ve sekt\u00f6rlerimizin potansiyelini daha etkin kulland\u0131\u011f\u0131m\u0131z\u0131n bir g\u00f6stergesi&#8221; dedi.<\/p>\n<p>DEN\u0130B\u2019in hedefi Venezuela ve b\u00f6lge \u00fclkelerde ihracat\u0131 \u00e7ok daha y\u00fcksek seviyelere ta\u015f\u0131mak<br \/>\n<br \/>Denizli\u2019nin Latin Amerika pazar\u0131nda daha etkin bir \u015fekilde yer almay\u0131 hedefledi\u011fini belirten H\u00fcseyin Memi\u015fo\u011flu, &#8220;Denizli olarak hedefimiz, Latin Amerika pazarlar\u0131nda daha g\u00fc\u00e7l\u00fc bir \u015fekilde yer almak ve Venezuela ba\u015fta olmak \u00fczere b\u00f6lge \u00fclkelerine olan ihracat\u0131m\u0131z\u0131 \u00e7ok daha y\u00fcksek seviyelere ta\u015f\u0131mak. T\u00fcrk \u00fcreticilerinin kaliteli, yenilik\u00e7i ve rekabet\u00e7i \u00fcr\u00fcnleriyle bu pazarlarda kal\u0131c\u0131 bir yer edinmesi en b\u00fcy\u00fck temennimiz. 3. Venezuela T\u00fcrk \u0130hra\u00e7 \u00dcr\u00fcnleri Fuar\u0131\u2019n\u0131n \u00fclkemiz ihracat\u0131na, firmalar\u0131m\u0131za ve kat\u0131l\u0131mc\u0131 t\u00fcm payda\u015flara yeni i\u015f birlikleri ve ticari f\u0131rsatlar getirmesini diliyor, fuar\u0131n ba\u015far\u0131l\u0131 ve verimli ge\u00e7mesini temenni ediyorum&#8221; ifadelerini kulland\u0131.<br \/><\/p>\n","protected":false},"excerpt":{"rendered":"<p>Venezuela\u2019n\u0131n ba\u015fkenti Karakas\u2019ta d\u00fczenlenen 3. Venezuela T\u00fcrk \u0130hra\u00e7 \u00dcr\u00fcnleri Fuar\u0131 ba\u015flad\u0131. 13-15 Kas\u0131m tarihleri aras\u0131nda d\u00fczenlenen fuara ili\u015fkin DEN\u0130B Ba\u015fkan\u0131 H\u00fcseyin Memi\u015fo\u011flu, &#8220;T\u00fcrk firmalar\u0131n\u0131n bu t\u00fcr organizasyonlara aktif kat\u0131l\u0131m\u0131, \u00fclkemizin ihracat vizyonuna \u00f6nemli bir ivme kazand\u0131r\u0131yor&#8221; dedi. 13-15 Kas\u0131m 2025 tarihleri aras\u0131nda Venezuela\u2019n\u0131n ba\u015fkenti Karakas\u2019ta d\u00fczenlenen 3. Venezuela T\u00fcrk \u0130hra\u00e7 \u00dcr\u00fcnleri Fuar\u0131\u2019nda, Bat\u0131 Akdeniz \u0130hracat\u00e7\u0131lar&#8230;<\/p>\n","protected":false},"author":1,"featured_media":67824,"comment_status":"open","ping_status":"open","sticky":false,"template":"","format":"standard","meta":{"_crdt_document":"","footnotes":""},"categories":[125],"tags":[],"class_list":["post-67823","post","type-post","status-publish","format-standard","has-post-thumbnail","hentry","category-ekonomi"],"_links":{"self":[{"href":"https:\/\/www.egemtv.com\/index.php?rest_route=\/wp\/v2\/posts\/67823","targetHints":{"allow":["GET"]}}],"collection":[{"href":"https:\/\/www.egemtv.com\/index.php?rest_route=\/wp\/v2\/posts"}],"about":[{"href":"https:\/\/www.egemtv.com\/index.php?rest_route=\/wp\/v2\/types\/post"}],"author":[{"embeddable":true,"href":"https:\/\/www.egemtv.com\/index.php?rest_route=\/wp\/v2\/users\/1"}],"replies":[{"embeddable":true,"href":"https:\/\/www.egemtv.com\/index.php?rest_route=%2Fwp%2Fv2%2Fcomments&post=67823"}],"version-history":[{"count":1,"href":"https:\/\/www.egemtv.com\/index.php?rest_route=\/wp\/v2\/posts\/67823\/revisions"}],"predecessor-version":[{"id":67825,"href":"https:\/\/www.egemtv.com\/index.php?rest_route=\/wp\/v2\/posts\/67823\/revisions\/67825"}],"wp:featuredmedia":[{"embeddable":true,"href":"https:\/\/www.egemtv.com\/index.php?rest_route=\/wp\/v2\/media\/67824"}],"wp:attachment":[{"href":"https:\/\/www.egemtv.com\/index.php?rest_route=%2Fwp%2Fv2%2Fmedia&parent=67823"}],"wp:term":[{"taxonomy":"category","embeddable":true,"href":"https:\/\/www.egemtv.com\/index.php?rest_route=%2Fwp%2Fv2%2Fcategories&post=67823"},{"taxonomy":"post_tag","embeddable":true,"href":"https:\/\/www.egemtv.com\/index.php?rest_route=%2Fwp%2Fv2%2Ftags&post=67823"}],"curies":[{"name":"wp","href":"https:\/\/api.w.org\/{rel}","templated":true}]}}