{"id":67820,"date":"2025-11-14T12:35:04","date_gmt":"2025-11-14T09:35:04","guid":{"rendered":"https:\/\/www.egemtv.com\/?p=67820"},"modified":"2025-11-14T12:35:05","modified_gmt":"2025-11-14T09:35:05","slug":"hemsehri-derneklerinden-baskan-balabana-anlamli-plaket","status":"publish","type":"post","link":"https:\/\/www.egemtv.com\/?p=67820","title":{"rendered":"Hem\u015fehri Derneklerinden Ba\u015fkan Balaban\u2019a anlaml\u0131 plaket"},"content":{"rendered":"<p>Manisa\u2019da faaliyetlerini s\u00fcrd\u00fcren hem\u015fehri dernekleri, Yunusemre Belediye Ba\u015fkan\u0131 Semih Balaban\u2019a ortak \u00e7al\u0131\u015fmalara verdi\u011fi katk\u0131lar nedeniyle te\u015fekk\u00fcr plaketi takdim etti.<br \/>\n<br \/>Yunusemre Belediye Ba\u015fkan\u0131 Semih Balaban, Manisa Hem\u015fehri K\u00fclt\u00fcrleri Dayan\u0131\u015fma Derne\u011fi \u00fcyelerini makam\u0131nda a\u011f\u0131rlad\u0131. Dernek y\u00f6netimi, hem\u015fehri derneklerinin y\u00fcr\u00fctt\u00fc\u011f\u00fc \u00e7al\u0131\u015fmalara sa\u011flad\u0131\u011f\u0131 destekten dolay\u0131 Ba\u015fkan Balaban\u2019a te\u015fekk\u00fcr plaketi sundu. Ziyaret s\u0131ras\u0131nda konu\u015fan Ba\u015fkan Balaban, plaketin kendisi i\u00e7in \u00f6zel bir anlam ta\u015f\u0131d\u0131\u011f\u0131n\u0131 belirterek, &#8220;Bu plaket, hayat\u0131mda ald\u0131\u011f\u0131m en anlaml\u0131 plaketlerden biri. Manisa\u2019m\u0131z\u0131n k\u00fclt\u00fcrel zenginli\u011fine katk\u0131 sunan t\u00fcm hem\u015fehri derneklerine te\u015fekk\u00fcr ediyorum&#8221; dedi.<br \/>\n<br \/>Ziyarette Manisa Hem\u015fehri K\u00fclt\u00fcrleri Dayan\u0131\u015fma Derne\u011fi D\u00f6nem Ba\u015fkan\u0131 Aziz Bulut, Malatyal\u0131lar Dernek Ba\u015fkan\u0131 Ali Keskin, Ardahanl\u0131lar Derne\u011fi Onursal Ba\u015fkan\u0131 Y\u0131lmaz \u00dcnal, mevcut Ba\u015fkan Ayhan Ya\u015far, eski Ba\u015fkan Orhan Dalbudak, Ahlatl\u0131lar Dernek Ba\u015fkan\u0131 \u00c7elebi Aslan, \u00c7erkezler Dernek Ba\u015fkan\u0131 Abdullah H\u0131r\u00e7\u0131ner ve Bitlisliler Dernek Ba\u015fkanvekili Necip Bayram haz\u0131r bulundu.<br \/>\n<br \/>Dernek \u00fcyeleri, Ba\u015fkan Balaban\u2019\u0131n ard\u0131ndan Yunusemre Belediye Ba\u015fkan Yard\u0131mc\u0131s\u0131 Haydar \u0130zci\u2019yi de ziyaret etti. Hem\u015fehri K\u00fclt\u00fcrleri Dayan\u0131\u015fma Derne\u011fi y\u00f6netimi, \u0130zci\u2019ye de desteklerinden dolay\u0131 te\u015fekk\u00fcr ederek plaket takdim etti.<br \/><\/p>\n","protected":false},"excerpt":{"rendered":"<p>Manisa\u2019da faaliyetlerini s\u00fcrd\u00fcren hem\u015fehri dernekleri, Yunusemre Belediye Ba\u015fkan\u0131 Semih Balaban\u2019a ortak \u00e7al\u0131\u015fmalara verdi\u011fi katk\u0131lar nedeniyle te\u015fekk\u00fcr plaketi takdim etti. Yunusemre Belediye Ba\u015fkan\u0131 Semih Balaban, Manisa Hem\u015fehri K\u00fclt\u00fcrleri Dayan\u0131\u015fma Derne\u011fi \u00fcyelerini makam\u0131nda a\u011f\u0131rlad\u0131. Dernek y\u00f6netimi, hem\u015fehri derneklerinin y\u00fcr\u00fctt\u00fc\u011f\u00fc \u00e7al\u0131\u015fmalara sa\u011flad\u0131\u011f\u0131 destekten dolay\u0131 Ba\u015fkan Balaban\u2019a te\u015fekk\u00fcr plaketi sundu. Ziyaret s\u0131ras\u0131nda konu\u015fan Ba\u015fkan Balaban, plaketin kendisi i\u00e7in \u00f6zel&#8230;<\/p>\n","protected":false},"author":1,"featured_media":67821,"comment_status":"open","ping_status":"open","sticky":false,"template":"","format":"standard","meta":{"_crdt_document":"","footnotes":""},"categories":[127],"tags":[],"class_list":["post-67820","post","type-post","status-publish","format-standard","has-post-thumbnail","hentry","category-siyaset"],"_links":{"self":[{"href":"https:\/\/www.egemtv.com\/index.php?rest_route=\/wp\/v2\/posts\/67820","targetHints":{"allow":["GET"]}}],"collection":[{"href":"https:\/\/www.egemtv.com\/index.php?rest_route=\/wp\/v2\/posts"}],"about":[{"href":"https:\/\/www.egemtv.com\/index.php?rest_route=\/wp\/v2\/types\/post"}],"author":[{"embeddable":true,"href":"https:\/\/www.egemtv.com\/index.php?rest_route=\/wp\/v2\/users\/1"}],"replies":[{"embeddable":true,"href":"https:\/\/www.egemtv.com\/index.php?rest_route=%2Fwp%2Fv2%2Fcomments&post=67820"}],"version-history":[{"count":1,"href":"https:\/\/www.egemtv.com\/index.php?rest_route=\/wp\/v2\/posts\/67820\/revisions"}],"predecessor-version":[{"id":67822,"href":"https:\/\/www.egemtv.com\/index.php?rest_route=\/wp\/v2\/posts\/67820\/revisions\/67822"}],"wp:featuredmedia":[{"embeddable":true,"href":"https:\/\/www.egemtv.com\/index.php?rest_route=\/wp\/v2\/media\/67821"}],"wp:attachment":[{"href":"https:\/\/www.egemtv.com\/index.php?rest_route=%2Fwp%2Fv2%2Fmedia&parent=67820"}],"wp:term":[{"taxonomy":"category","embeddable":true,"href":"https:\/\/www.egemtv.com\/index.php?rest_route=%2Fwp%2Fv2%2Fcategories&post=67820"},{"taxonomy":"post_tag","embeddable":true,"href":"https:\/\/www.egemtv.com\/index.php?rest_route=%2Fwp%2Fv2%2Ftags&post=67820"}],"curies":[{"name":"wp","href":"https:\/\/api.w.org\/{rel}","templated":true}]}}