{"id":67817,"date":"2025-11-14T12:35:03","date_gmt":"2025-11-14T09:35:03","guid":{"rendered":"https:\/\/www.egemtv.com\/?p=67817"},"modified":"2025-11-14T12:35:04","modified_gmt":"2025-11-14T09:35:04","slug":"tamer-osmanagaoglundan-butce-gorusmelerinde-aliaga-vurgusu","status":"publish","type":"post","link":"https:\/\/www.egemtv.com\/?p=67817","title":{"rendered":"Tamer Osmana\u011fao\u011flu\u2019ndan b\u00fct\u00e7e g\u00f6r\u00fc\u015fmelerinde Alia\u011fa vurgusu"},"content":{"rendered":"<p>MHP Genel Sekreter Yard\u0131mc\u0131s\u0131, \u0130zmir Milletvekili ve TBMM G\u00fcvenlik ve \u0130stihbarat Komisyonu \u00dcyesi Tamer Osmana\u011fao\u011flu, TBMM Plan ve B\u00fct\u00e7e Komisyonu\u2019nda g\u00f6r\u00fc\u015f\u00fclen Gen\u00e7lik ve Spor Bakanl\u0131\u011f\u0131 b\u00fct\u00e7esi \u00fczerine yapt\u0131\u011f\u0131 konu\u015fmada Alia\u011fa\u2019n\u0131n ihtiya\u00e7lar\u0131n\u0131 g\u00fcndeme ta\u015f\u0131d\u0131.<br \/>\n<br \/>Komisyonda s\u00f6z alan Osmana\u011fao\u011flu, \u0130zmir\u2019e ili\u015fkin de\u011ferlendirmelerde bulunarak \u015funlar\u0131 s\u00f6yledi: &#8220;Alia\u011fa il\u00e7emiz n\u00fcfusa oranla sportif ba\u015far\u0131 s\u0131ralamas\u0131nda ilk s\u0131rada olan m\u00fcstesna bir il\u00e7emiz. Alia\u011fa Belediyemiz kendi imk\u00e2nlar\u0131yla il\u00e7emize 2 adet Gen\u00e7lik Merkezini kazand\u0131rm\u0131\u015f olsa da halen baz\u0131 ihtiya\u00e7lar\u0131n oldu\u011fu da biliniyor.&#8221;<br \/>\n<br \/>Osmana\u011fao\u011flu, konu\u015fmas\u0131n\u0131n devam\u0131nda &#8220;\u015eakran ve Helvac\u0131\u2019da var olan Gen\u00e7lik Merkezi ihtiyac\u0131, Spor Salonu ve mevcut futbol sahas\u0131n\u0131n bak\u0131m ihtiyac\u0131 bu ihtiya\u00e7lardan baz\u0131lar\u0131d\u0131r. Di\u011fer yandan; Alia\u011fa il\u00e7emize en az 250+250 kapasiteli bir KYK \u00d6\u011frenci Yurdunun kazand\u0131r\u0131lmas\u0131 da ertelenemeyecek ihtiya\u00e7lar aras\u0131ndad\u0131r.&#8221; ifadelerine yer verdi.<br \/>\n<br \/>Konu\u015fmas\u0131nda Bayrakl\u0131, Bal\u00e7ova ve Urla ba\u015fta olmak \u00fczere di\u011fer \u0130zmir il\u00e7eleriyle ilgili talepleri de dile getiren Osmana\u011fao\u011flu, &#8220;Biliyoruz ki Gen\u00e7lik ve Spor Bakanl\u0131\u011f\u0131m\u0131z bu konuyla ilgili bir\u00e7ok \u00e7al\u0131\u015fmaya imza att\u0131. Bunun i\u00e7in de te\u015fekk\u00fcr ediyorum. B\u00fct\u00e7emizin hay\u0131rl\u0131 olmas\u0131n\u0131 diliyor, sayg\u0131 ve muhabbetlerimi sunuyorum.&#8221; diyerek s\u00f6zlerini tamamlad\u0131.<br \/><\/p>\n","protected":false},"excerpt":{"rendered":"<p>MHP Genel Sekreter Yard\u0131mc\u0131s\u0131, \u0130zmir Milletvekili ve TBMM G\u00fcvenlik ve \u0130stihbarat Komisyonu \u00dcyesi Tamer Osmana\u011fao\u011flu, TBMM Plan ve B\u00fct\u00e7e Komisyonu\u2019nda g\u00f6r\u00fc\u015f\u00fclen Gen\u00e7lik ve Spor Bakanl\u0131\u011f\u0131 b\u00fct\u00e7esi \u00fczerine yapt\u0131\u011f\u0131 konu\u015fmada Alia\u011fa\u2019n\u0131n ihtiya\u00e7lar\u0131n\u0131 g\u00fcndeme ta\u015f\u0131d\u0131. Komisyonda s\u00f6z alan Osmana\u011fao\u011flu, \u0130zmir\u2019e ili\u015fkin de\u011ferlendirmelerde bulunarak \u015funlar\u0131 s\u00f6yledi: &#8220;Alia\u011fa il\u00e7emiz n\u00fcfusa oranla sportif ba\u015far\u0131 s\u0131ralamas\u0131nda ilk s\u0131rada olan m\u00fcstesna bir&#8230;<\/p>\n","protected":false},"author":1,"featured_media":67818,"comment_status":"open","ping_status":"open","sticky":false,"template":"","format":"standard","meta":{"_crdt_document":"","footnotes":""},"categories":[1],"tags":[],"class_list":["post-67817","post","type-post","status-publish","format-standard","has-post-thumbnail","hentry","category-guncel"],"_links":{"self":[{"href":"https:\/\/www.egemtv.com\/index.php?rest_route=\/wp\/v2\/posts\/67817","targetHints":{"allow":["GET"]}}],"collection":[{"href":"https:\/\/www.egemtv.com\/index.php?rest_route=\/wp\/v2\/posts"}],"about":[{"href":"https:\/\/www.egemtv.com\/index.php?rest_route=\/wp\/v2\/types\/post"}],"author":[{"embeddable":true,"href":"https:\/\/www.egemtv.com\/index.php?rest_route=\/wp\/v2\/users\/1"}],"replies":[{"embeddable":true,"href":"https:\/\/www.egemtv.com\/index.php?rest_route=%2Fwp%2Fv2%2Fcomments&post=67817"}],"version-history":[{"count":1,"href":"https:\/\/www.egemtv.com\/index.php?rest_route=\/wp\/v2\/posts\/67817\/revisions"}],"predecessor-version":[{"id":67819,"href":"https:\/\/www.egemtv.com\/index.php?rest_route=\/wp\/v2\/posts\/67817\/revisions\/67819"}],"wp:featuredmedia":[{"embeddable":true,"href":"https:\/\/www.egemtv.com\/index.php?rest_route=\/wp\/v2\/media\/67818"}],"wp:attachment":[{"href":"https:\/\/www.egemtv.com\/index.php?rest_route=%2Fwp%2Fv2%2Fmedia&parent=67817"}],"wp:term":[{"taxonomy":"category","embeddable":true,"href":"https:\/\/www.egemtv.com\/index.php?rest_route=%2Fwp%2Fv2%2Fcategories&post=67817"},{"taxonomy":"post_tag","embeddable":true,"href":"https:\/\/www.egemtv.com\/index.php?rest_route=%2Fwp%2Fv2%2Ftags&post=67817"}],"curies":[{"name":"wp","href":"https:\/\/api.w.org\/{rel}","templated":true}]}}