{"id":67814,"date":"2025-11-14T12:35:02","date_gmt":"2025-11-14T09:35:02","guid":{"rendered":"https:\/\/www.egemtv.com\/?p=67814"},"modified":"2025-11-14T12:35:03","modified_gmt":"2025-11-14T09:35:03","slug":"marmaris-belediye-eski-baskani-oktaytan-suc-duyurusu","status":"publish","type":"post","link":"https:\/\/www.egemtv.com\/?p=67814","title":{"rendered":"Marmaris belediye eski ba\u015fkan\u0131 Oktay\u2019tan su\u00e7 duyurusu"},"content":{"rendered":"<p>Mu\u011fla\u2019n\u0131n Marmaris il\u00e7esi 2019-2024 d\u00f6nemi belediye ba\u015fkan\u0131 olan Mehmet Oktay, mevcut belediye ba\u015fkan\u0131 Acar \u00dcnl\u00fc hakk\u0131nda Marmaris Adliyesine gelerek, Cumhuriyet Savc\u0131l\u0131\u011f\u0131\u2019na su\u00e7 duyurusunda bulundu. Oktay, \u00dcnl\u00fc\u2019n\u00fcn K\u0131z\u0131lb\u00fck Projesi ve Sinpa\u015f arazisi s\u00fcrecindeki tutumlar\u0131n\u0131n kamu zarar\u0131na yol a\u00e7t\u0131\u011f\u0131n\u0131 ve halk\u0131 kin ile d\u00fc\u015fmanl\u0131\u011fa sevk etti\u011fini ileri s\u00fcrd\u00fc.<\/p>\n<p>Mehmet Oktay yaz\u0131l\u0131 a\u00e7\u0131klamas\u0131nda, &#8220;Acar \u00dcnl\u00fc, belediyenin hakl\u0131 oldu\u011fu bir davada mahkemede savunma yapmayarak kamu g\u00f6revini ihmal etmi\u015f ve belediyeyi zarara u\u011fratm\u0131\u015ft\u0131r. Ayr\u0131ca kamuoyunu yan\u0131lt\u0131c\u0131 a\u00e7\u0131klamalar\u0131 toplumda gerilimi art\u0131rmaktad\u0131r&#8221; ifadelerini kulland\u0131.<\/p>\n<p>Eski ba\u015fkan, mevcut Belediye Ba\u015fkan\u0131 \u00dcnl\u00fc\u2019n\u00fcn CHP Genel Ba\u015fkan\u0131 \u00d6zg\u00fcr \u00d6zel\u2019i dahi yanl\u0131\u015f bilgilendirdi\u011fini belirterek, bu durumun s\u00f6z konusu firman\u0131n borsada i\u015flem g\u00f6rmesi nedeniyle manip\u00fclasyona a\u00e7\u0131k bir tablo olu\u015fturdu\u011funu dile getirdi.<\/p>\n<p>Oktay, su\u00e7 duyurusunun gerek\u00e7esini &#8220;Y\u0131llard\u0131r haks\u0131z gerek\u00e7elerle a\u00e7\u0131l\u0131\u015f\u0131 engellenen tesis nedeniyle firma belediye aleyhine dava a\u00e7arsa, milyarlarca liral\u0131k tazminat Marmaris halk\u0131n\u0131n cebinden \u00e7\u0131kabilir. Kamu yarar\u0131n\u0131 korumak ve adaletin tesisi i\u00e7in bu ad\u0131m\u0131 att\u0131k&#8221; s\u00f6zleri ile a\u00e7\u0131klad\u0131.<\/p>\n<p>Su\u00e7 duyurusuna ili\u015fkin yasal s\u00fcrecin \u00f6n\u00fcm\u00fczdeki g\u00fcnlerde netle\u015fece\u011fi bilgisi edinildi.<br \/><\/p>\n","protected":false},"excerpt":{"rendered":"<p>Mu\u011fla\u2019n\u0131n Marmaris il\u00e7esi 2019-2024 d\u00f6nemi belediye ba\u015fkan\u0131 olan Mehmet Oktay, mevcut belediye ba\u015fkan\u0131 Acar \u00dcnl\u00fc hakk\u0131nda Marmaris Adliyesine gelerek, Cumhuriyet Savc\u0131l\u0131\u011f\u0131\u2019na su\u00e7 duyurusunda bulundu. Oktay, \u00dcnl\u00fc\u2019n\u00fcn K\u0131z\u0131lb\u00fck Projesi ve Sinpa\u015f arazisi s\u00fcrecindeki tutumlar\u0131n\u0131n kamu zarar\u0131na yol a\u00e7t\u0131\u011f\u0131n\u0131 ve halk\u0131 kin ile d\u00fc\u015fmanl\u0131\u011fa sevk etti\u011fini ileri s\u00fcrd\u00fc. Mehmet Oktay yaz\u0131l\u0131 a\u00e7\u0131klamas\u0131nda, &#8220;Acar \u00dcnl\u00fc, belediyenin hakl\u0131 oldu\u011fu&#8230;<\/p>\n","protected":false},"author":1,"featured_media":67815,"comment_status":"open","ping_status":"open","sticky":false,"template":"","format":"standard","meta":{"_crdt_document":"","footnotes":""},"categories":[5],"tags":[],"class_list":["post-67814","post","type-post","status-publish","format-standard","has-post-thumbnail","hentry","category-asayis"],"_links":{"self":[{"href":"https:\/\/www.egemtv.com\/index.php?rest_route=\/wp\/v2\/posts\/67814","targetHints":{"allow":["GET"]}}],"collection":[{"href":"https:\/\/www.egemtv.com\/index.php?rest_route=\/wp\/v2\/posts"}],"about":[{"href":"https:\/\/www.egemtv.com\/index.php?rest_route=\/wp\/v2\/types\/post"}],"author":[{"embeddable":true,"href":"https:\/\/www.egemtv.com\/index.php?rest_route=\/wp\/v2\/users\/1"}],"replies":[{"embeddable":true,"href":"https:\/\/www.egemtv.com\/index.php?rest_route=%2Fwp%2Fv2%2Fcomments&post=67814"}],"version-history":[{"count":1,"href":"https:\/\/www.egemtv.com\/index.php?rest_route=\/wp\/v2\/posts\/67814\/revisions"}],"predecessor-version":[{"id":67816,"href":"https:\/\/www.egemtv.com\/index.php?rest_route=\/wp\/v2\/posts\/67814\/revisions\/67816"}],"wp:featuredmedia":[{"embeddable":true,"href":"https:\/\/www.egemtv.com\/index.php?rest_route=\/wp\/v2\/media\/67815"}],"wp:attachment":[{"href":"https:\/\/www.egemtv.com\/index.php?rest_route=%2Fwp%2Fv2%2Fmedia&parent=67814"}],"wp:term":[{"taxonomy":"category","embeddable":true,"href":"https:\/\/www.egemtv.com\/index.php?rest_route=%2Fwp%2Fv2%2Fcategories&post=67814"},{"taxonomy":"post_tag","embeddable":true,"href":"https:\/\/www.egemtv.com\/index.php?rest_route=%2Fwp%2Fv2%2Ftags&post=67814"}],"curies":[{"name":"wp","href":"https:\/\/api.w.org\/{rel}","templated":true}]}}