{"id":67811,"date":"2025-11-14T12:35:01","date_gmt":"2025-11-14T09:35:01","guid":{"rendered":"https:\/\/www.egemtv.com\/?p=67811"},"modified":"2025-11-14T12:35:02","modified_gmt":"2025-11-14T09:35:02","slug":"usakta-kedi-ve-kopek-sahiplerine-mikrocip-uyarisi","status":"publish","type":"post","link":"https:\/\/www.egemtv.com\/?p=67811","title":{"rendered":"U\u015fak\u2019ta kedi ve k\u00f6pek sahiplerine mikro\u00e7ip uyar\u0131s\u0131"},"content":{"rendered":"<p>U\u015fak \u0130l Tar\u0131m ve Orman M\u00fcd\u00fcrl\u00fc\u011f\u00fc, sosyal medya hesab\u0131 \u00fczerinden evcil hayvan sahiplerine y\u00f6nelik \u00f6nemli bir duyuru yapt\u0131.<\/p>\n<p>2025 y\u0131l\u0131n\u0131n 31 Aral\u0131k tarihine kadar t\u00fcm kedi ve k\u00f6peklerin mikro\u00e7ip uygulamas\u0131 yapt\u0131r\u0131larak PETVET sistemine kay\u0131t edilmesi zorunlu hale getirildi.   Bu tarihten sonra yaln\u0131zca 6 ay\u0131ndan k\u00fc\u00e7\u00fck hayvanlara herhangi bir ceza uygulanmadan \u00e7ip ve kay\u0131t i\u015flemi yap\u0131labilecek.<\/p>\n<p>Tar\u0131m ve Orman M\u00fcd\u00fcrl\u00fc\u011f\u00fc taraf\u0131ndan yap\u0131lan a\u00e7\u0131klamada, mikro\u00e7ip uygulamas\u0131n\u0131n bir\u00e7ok \u00f6nemli amac\u0131 bulundu\u011fu belirtildi. \u00d6ncelikle kaybolan hayvanlar\u0131n k\u0131sa s\u00fcrede sahiplerine ula\u015ft\u0131r\u0131lmas\u0131 hedefleniyor. Ulusal veri taban\u0131nda tutulan kimlik bilgileri sayesinde evcil hayvanlar\u0131n d\u00fczenli olarak izlenebilmesi sa\u011flanacak. Ayr\u0131ca ka\u00e7ak \u00fcretim ve yasa d\u0131\u015f\u0131 hayvan ticaretinin \u00f6n\u00fcne ge\u00e7ilmesi, salg\u0131n ve bula\u015f\u0131c\u0131 hastal\u0131klar\u0131n kontrol\u00fcn\u00fcn g\u00fc\u00e7lendirilmesi de sistemin temel hedefleri aras\u0131nda yer al\u0131yor.<\/p>\n<p>Evcil hayvan sahipleri, mikro\u00e7ip i\u015flemini yetkilendirilmi\u015f veteriner hekimler veya \u0130l ve \u0130l\u00e7e Tar\u0131m ve Orman M\u00fcd\u00fcrl\u00fckleri arac\u0131l\u0131\u011f\u0131yla yapt\u0131rabilir. Her ya\u015ftan kedi ve k\u00f6pek i\u00e7in 31 Aral\u0131k 2025 tarihine kadar i\u015flem yap\u0131lmas\u0131 gerekirken, bu tarihten sonra sadece 6 ayl\u0131ktan k\u00fc\u00e7\u00fck hayvanlar i\u00e7in cezas\u0131z kay\u0131t imkan\u0131 sunulacak.<br \/>\n<br \/>M\u00fcd\u00fcrl\u00fck, \u00e7ip takt\u0131rmayan hayvan sahiplerine y\u00f6nelik mevzuatta idari yapt\u0131r\u0131mlara ili\u015fkin h\u00fck\u00fcmlerin yer ald\u0131\u011f\u0131n\u0131 hat\u0131rlatarak, t\u00fcm evcil hayvan sahiplerini belirlenen s\u00fcre i\u00e7inde gerekli i\u015flemleri tamamlamaya davet etti. Mikro\u00e7ip uygulamas\u0131, hem hayvan haklar\u0131n\u0131n korunmas\u0131 hem de sahiplenme s\u00fcre\u00e7lerinin \u015feffafla\u015fmas\u0131 a\u00e7\u0131s\u0131ndan b\u00fcy\u00fck \u00f6nem ta\u015f\u0131yor.<br \/><\/p>\n","protected":false},"excerpt":{"rendered":"<p>U\u015fak \u0130l Tar\u0131m ve Orman M\u00fcd\u00fcrl\u00fc\u011f\u00fc, sosyal medya hesab\u0131 \u00fczerinden evcil hayvan sahiplerine y\u00f6nelik \u00f6nemli bir duyuru yapt\u0131. 2025 y\u0131l\u0131n\u0131n 31 Aral\u0131k tarihine kadar t\u00fcm kedi ve k\u00f6peklerin mikro\u00e7ip uygulamas\u0131 yapt\u0131r\u0131larak PETVET sistemine kay\u0131t edilmesi zorunlu hale getirildi. Bu tarihten sonra yaln\u0131zca 6 ay\u0131ndan k\u00fc\u00e7\u00fck hayvanlara herhangi bir ceza uygulanmadan \u00e7ip ve kay\u0131t i\u015flemi yap\u0131labilecek&#8230;.<\/p>\n","protected":false},"author":1,"featured_media":67812,"comment_status":"open","ping_status":"open","sticky":false,"template":"","format":"standard","meta":{"_crdt_document":"","footnotes":""},"categories":[1],"tags":[],"class_list":["post-67811","post","type-post","status-publish","format-standard","has-post-thumbnail","hentry","category-guncel"],"_links":{"self":[{"href":"https:\/\/www.egemtv.com\/index.php?rest_route=\/wp\/v2\/posts\/67811","targetHints":{"allow":["GET"]}}],"collection":[{"href":"https:\/\/www.egemtv.com\/index.php?rest_route=\/wp\/v2\/posts"}],"about":[{"href":"https:\/\/www.egemtv.com\/index.php?rest_route=\/wp\/v2\/types\/post"}],"author":[{"embeddable":true,"href":"https:\/\/www.egemtv.com\/index.php?rest_route=\/wp\/v2\/users\/1"}],"replies":[{"embeddable":true,"href":"https:\/\/www.egemtv.com\/index.php?rest_route=%2Fwp%2Fv2%2Fcomments&post=67811"}],"version-history":[{"count":1,"href":"https:\/\/www.egemtv.com\/index.php?rest_route=\/wp\/v2\/posts\/67811\/revisions"}],"predecessor-version":[{"id":67813,"href":"https:\/\/www.egemtv.com\/index.php?rest_route=\/wp\/v2\/posts\/67811\/revisions\/67813"}],"wp:featuredmedia":[{"embeddable":true,"href":"https:\/\/www.egemtv.com\/index.php?rest_route=\/wp\/v2\/media\/67812"}],"wp:attachment":[{"href":"https:\/\/www.egemtv.com\/index.php?rest_route=%2Fwp%2Fv2%2Fmedia&parent=67811"}],"wp:term":[{"taxonomy":"category","embeddable":true,"href":"https:\/\/www.egemtv.com\/index.php?rest_route=%2Fwp%2Fv2%2Fcategories&post=67811"},{"taxonomy":"post_tag","embeddable":true,"href":"https:\/\/www.egemtv.com\/index.php?rest_route=%2Fwp%2Fv2%2Ftags&post=67811"}],"curies":[{"name":"wp","href":"https:\/\/api.w.org\/{rel}","templated":true}]}}