{"id":67808,"date":"2025-11-14T12:35:00","date_gmt":"2025-11-14T09:35:00","guid":{"rendered":"https:\/\/www.egemtv.com\/?p=67808"},"modified":"2025-11-14T12:35:01","modified_gmt":"2025-11-14T09:35:01","slug":"sampiyona-kupasi-verildi","status":"publish","type":"post","link":"https:\/\/www.egemtv.com\/?p=67808","title":{"rendered":"\u015eampiyona kupas\u0131 verildi"},"content":{"rendered":"<p>Manisa\u2019n\u0131n Saruhanl\u0131 il\u00e7esinde d\u00fczenlenen 6. Geleneksel \u0130ller Aras\u0131 Halk E\u011fitimi Kurumlar\u0131 Muaythai \u015eampiyonas\u0131\u2019nda Gen\u00e7ler ve Elitler kategorisinde tak\u0131m halinde \u015fampiyon olan \u015eehzadeler Halk E\u011fitimi Merkezi\u2019ne kupas\u0131 takdim edildi.<br \/>\n<br \/>Saruhanl\u0131\u2019da ger\u00e7ekle\u015ftirilen 6. Geleneksel \u0130ller Aras\u0131 Halk E\u011fitimi Kurumlar\u0131 Muaythai \u015eampiyonas\u0131\u2019nda Gen\u00e7ler ve Elitler kategorisinde tak\u0131m halinde \u015fampiyonlu\u011fa ula\u015fan \u015eehzadeler Halk E\u011fitimi Kurumuna \u015fampiyonluk kupas\u0131 takdim edildi.<br \/>\n<br \/>Ziyarette Muaythai \u0130l Temsilcisi Ahmet E. Demiraslan, Muaythai Usta \u00d6\u011freticisi Sevda Bar\u0131\u015f ve Ege B\u00f6lge Koordinat\u00f6r\u00fc Ediz Bar\u0131\u015f haz\u0131r bulundu. \u0130l Temsilcisi Demiraslan, Halk E\u011fitimi Merkezlerinin spor bran\u015flar\u0131na verdi\u011fi deste\u011fin \u00f6nemine dikkat \u00e7ekerek, &#8220;Kurumumuza geldi\u011fi ilk g\u00fcnden bu yana T\u00fcrk sporuna destek veren \u015eehzadeler Halk E\u011fitimi M\u00fcd\u00fcr\u00fcm\u00fcz \u0130lyas Kayaokay ve Usta \u00d6\u011freticimiz Sevda Bar\u0131\u015f\u2019\u0131 tebrik ediyor, \u015fampiyonluk kupas\u0131n\u0131 teslim etmekten memnuniyet duyuyoruz.&#8221; dedi.<br \/>\n<br \/>\u015eehzadeler Halk E\u011fitimi M\u00fcd\u00fcr\u00fc \u0130lyas Kayaokay ise \u015fampiyonlukta eme\u011fi ge\u00e7en herkesi selamlayarak te\u015fekk\u00fcr etti. Muaythai\u2019nin sadece bir spor de\u011fil; disiplin, karakter ve azmin birle\u015fti\u011fi bir ya\u015fam bi\u00e7imi oldu\u011funu belirten Kayaokay, gen\u00e7lerin fiziksel ve ruhsal geli\u015fimine katk\u0131 sunmaya devam edeceklerini vurgulad\u0131.<br \/>\n<br \/>Halk E\u011fitimi Merkezlerinin sporu hayat\u0131n merkezine alan bir anlay\u0131\u015fla her ya\u015ftan bireye ula\u015fmay\u0131 s\u00fcrd\u00fcrece\u011fi ifade edildi.<br \/>\n<br \/>Gen\u00e7ler ve elitler kupa s\u0131ralamas\u0131 ise \u015f\u00f6yle ger\u00e7ekle\u015fti: &#8220;1. \u015eehzadeler Halk E\u011fitimi Merkezi, 2. Saruhanl\u0131 Halk E\u011fitimi Merkezi, 3. Ala\u015fehir Halk E\u011fitimi Merkezi, 3. Bal\u00e7ova Halk E\u011fitimi Merkezi.&#8221;<br \/><\/p>\n","protected":false},"excerpt":{"rendered":"<p>Manisa\u2019n\u0131n Saruhanl\u0131 il\u00e7esinde d\u00fczenlenen 6. Geleneksel \u0130ller Aras\u0131 Halk E\u011fitimi Kurumlar\u0131 Muaythai \u015eampiyonas\u0131\u2019nda Gen\u00e7ler ve Elitler kategorisinde tak\u0131m halinde \u015fampiyon olan \u015eehzadeler Halk E\u011fitimi Merkezi\u2019ne kupas\u0131 takdim edildi. Saruhanl\u0131\u2019da ger\u00e7ekle\u015ftirilen 6. Geleneksel \u0130ller Aras\u0131 Halk E\u011fitimi Kurumlar\u0131 Muaythai \u015eampiyonas\u0131\u2019nda Gen\u00e7ler ve Elitler kategorisinde tak\u0131m halinde \u015fampiyonlu\u011fa ula\u015fan \u015eehzadeler Halk E\u011fitimi Kurumuna \u015fampiyonluk kupas\u0131 takdim edildi&#8230;.<\/p>\n","protected":false},"author":1,"featured_media":67809,"comment_status":"open","ping_status":"open","sticky":false,"template":"","format":"standard","meta":{"_crdt_document":"","footnotes":""},"categories":[4],"tags":[],"class_list":["post-67808","post","type-post","status-publish","format-standard","has-post-thumbnail","hentry","category-spor"],"_links":{"self":[{"href":"https:\/\/www.egemtv.com\/index.php?rest_route=\/wp\/v2\/posts\/67808","targetHints":{"allow":["GET"]}}],"collection":[{"href":"https:\/\/www.egemtv.com\/index.php?rest_route=\/wp\/v2\/posts"}],"about":[{"href":"https:\/\/www.egemtv.com\/index.php?rest_route=\/wp\/v2\/types\/post"}],"author":[{"embeddable":true,"href":"https:\/\/www.egemtv.com\/index.php?rest_route=\/wp\/v2\/users\/1"}],"replies":[{"embeddable":true,"href":"https:\/\/www.egemtv.com\/index.php?rest_route=%2Fwp%2Fv2%2Fcomments&post=67808"}],"version-history":[{"count":1,"href":"https:\/\/www.egemtv.com\/index.php?rest_route=\/wp\/v2\/posts\/67808\/revisions"}],"predecessor-version":[{"id":67810,"href":"https:\/\/www.egemtv.com\/index.php?rest_route=\/wp\/v2\/posts\/67808\/revisions\/67810"}],"wp:featuredmedia":[{"embeddable":true,"href":"https:\/\/www.egemtv.com\/index.php?rest_route=\/wp\/v2\/media\/67809"}],"wp:attachment":[{"href":"https:\/\/www.egemtv.com\/index.php?rest_route=%2Fwp%2Fv2%2Fmedia&parent=67808"}],"wp:term":[{"taxonomy":"category","embeddable":true,"href":"https:\/\/www.egemtv.com\/index.php?rest_route=%2Fwp%2Fv2%2Fcategories&post=67808"},{"taxonomy":"post_tag","embeddable":true,"href":"https:\/\/www.egemtv.com\/index.php?rest_route=%2Fwp%2Fv2%2Ftags&post=67808"}],"curies":[{"name":"wp","href":"https:\/\/api.w.org\/{rel}","templated":true}]}}