{"id":67799,"date":"2025-11-14T12:14:50","date_gmt":"2025-11-14T09:14:50","guid":{"rendered":"https:\/\/www.egemtv.com\/?p=67799"},"modified":"2025-11-14T12:14:50","modified_gmt":"2025-11-14T09:14:50","slug":"direksiyon-hakimiyeti-kaybolan-ehliyetsiz-surucu-refuje-carpti","status":"publish","type":"post","link":"https:\/\/www.egemtv.com\/?p=67799","title":{"rendered":"Direksiyon hakimiyeti kaybolan ehliyetsiz s\u00fcr\u00fcc\u00fc ref\u00fcje \u00e7arpt\u0131"},"content":{"rendered":"<p>Ayd\u0131n\u2019\u0131n Efeler il\u00e7esinde 17 ya\u015f\u0131ndaki ehliyetsiz s\u00fcr\u00fcc\u00fc, direksiyon hakimiyetini kaybetmesi sonucu ref\u00fcje \u00e7arparken, kazada 2 ki\u015fi yaraland\u0131.<br \/>\n<br \/>Kaza, \u0130zmir Bulvar\u0131 Eski D\u00f6rtyol Kav\u015fa\u011f\u0131\u2019nda meydana geldi. Edinilen bilgiye g\u00f6re, 09 AY 531 plakal\u0131 otomobille \u0130zmir y\u00f6n\u00fcnde seyreden E.S. (17), hen\u00fcz bilinmeyen bir nedenle direksiyon hakimiyetini kaybetti. Kontrolden \u00e7\u0131karak savrulan otomobil, ref\u00fcje \u00e7arpt\u0131. Kazada ara\u00e7 s\u00fcr\u00fcc\u00fc E.S. ile yolcu konumundaki Y.S. yaralan\u0131rken, vatanda\u015flar durumu 112 Acil \u00c7a\u011fr\u0131 Merkezi\u2019ne bildirdi. \u0130hbar \u00fczerine b\u00f6lgeye polis, itfaiye ve sa\u011fl\u0131k ekipleri sevk edildi. K\u0131sa s\u00fcrede olay yerine gelen sa\u011fl\u0131k ekipleri, ilk m\u00fcdahalenin ard\u0131ndan yaral\u0131lar\u0131, ambulansla hastaneye kald\u0131rd\u0131. Yap\u0131lan incelemede s\u00fcr\u00fcc\u00fcn\u00fcn ehliyetsiz oldu\u011fu anla\u015f\u0131l\u0131rken, kaza ile ilgili inceleme ba\u015flat\u0131ld\u0131.<br \/><\/p>\n","protected":false},"excerpt":{"rendered":"<p>Ayd\u0131n\u2019\u0131n Efeler il\u00e7esinde 17 ya\u015f\u0131ndaki ehliyetsiz s\u00fcr\u00fcc\u00fc, direksiyon hakimiyetini kaybetmesi sonucu ref\u00fcje \u00e7arparken, kazada 2 ki\u015fi yaraland\u0131. Kaza, \u0130zmir Bulvar\u0131 Eski D\u00f6rtyol Kav\u015fa\u011f\u0131\u2019nda meydana geldi. Edinilen bilgiye g\u00f6re, 09 AY 531 plakal\u0131 otomobille \u0130zmir y\u00f6n\u00fcnde seyreden E.S. (17), hen\u00fcz bilinmeyen bir nedenle direksiyon hakimiyetini kaybetti. Kontrolden \u00e7\u0131karak savrulan otomobil, ref\u00fcje \u00e7arpt\u0131. Kazada ara\u00e7 s\u00fcr\u00fcc\u00fc E.S&#8230;.<\/p>\n","protected":false},"author":1,"featured_media":67800,"comment_status":"open","ping_status":"open","sticky":false,"template":"","format":"standard","meta":{"_crdt_document":"","footnotes":""},"categories":[5],"tags":[],"class_list":["post-67799","post","type-post","status-publish","format-standard","has-post-thumbnail","hentry","category-asayis"],"_links":{"self":[{"href":"https:\/\/www.egemtv.com\/index.php?rest_route=\/wp\/v2\/posts\/67799","targetHints":{"allow":["GET"]}}],"collection":[{"href":"https:\/\/www.egemtv.com\/index.php?rest_route=\/wp\/v2\/posts"}],"about":[{"href":"https:\/\/www.egemtv.com\/index.php?rest_route=\/wp\/v2\/types\/post"}],"author":[{"embeddable":true,"href":"https:\/\/www.egemtv.com\/index.php?rest_route=\/wp\/v2\/users\/1"}],"replies":[{"embeddable":true,"href":"https:\/\/www.egemtv.com\/index.php?rest_route=%2Fwp%2Fv2%2Fcomments&post=67799"}],"version-history":[{"count":1,"href":"https:\/\/www.egemtv.com\/index.php?rest_route=\/wp\/v2\/posts\/67799\/revisions"}],"predecessor-version":[{"id":67801,"href":"https:\/\/www.egemtv.com\/index.php?rest_route=\/wp\/v2\/posts\/67799\/revisions\/67801"}],"wp:featuredmedia":[{"embeddable":true,"href":"https:\/\/www.egemtv.com\/index.php?rest_route=\/wp\/v2\/media\/67800"}],"wp:attachment":[{"href":"https:\/\/www.egemtv.com\/index.php?rest_route=%2Fwp%2Fv2%2Fmedia&parent=67799"}],"wp:term":[{"taxonomy":"category","embeddable":true,"href":"https:\/\/www.egemtv.com\/index.php?rest_route=%2Fwp%2Fv2%2Fcategories&post=67799"},{"taxonomy":"post_tag","embeddable":true,"href":"https:\/\/www.egemtv.com\/index.php?rest_route=%2Fwp%2Fv2%2Ftags&post=67799"}],"curies":[{"name":"wp","href":"https:\/\/api.w.org\/{rel}","templated":true}]}}