{"id":67793,"date":"2025-11-14T12:14:47","date_gmt":"2025-11-14T09:14:47","guid":{"rendered":"https:\/\/www.egemtv.com\/?p=67793"},"modified":"2025-11-14T12:14:49","modified_gmt":"2025-11-14T09:14:49","slug":"kamyonet-ile-otomobil-carpisti-6-kisi-yaralandi","status":"publish","type":"post","link":"https:\/\/www.egemtv.com\/?p=67793","title":{"rendered":"Kamyonet ile otomobil \u00e7arp\u0131\u015ft\u0131 6 kisi yaraland\u0131"},"content":{"rendered":"<p>Afyonkarahisar\u2019da kamyonet ile otomobilin \u00e7arp\u0131\u015fmas\u0131 sonucu meydana gelen trafik kazas\u0131nda 6 ki\u015fi yaraland\u0131.<br \/>\n<br \/>Kaza, De\u011firmendere k\u00f6y\u00fc yak\u0131nlar\u0131nda meydana geldi. Edinilen bilgilere g\u00f6re, S.P., idaresindeki 03 AED 481 plakal\u0131 kamyonet hen\u00fcz belirlenemeyen bir sebepten \u00f6t\u00fcr\u00fc D.B.\u2019nin kulland\u0131\u011f\u0131 09 AHL 056 otomobille \u00e7arp\u0131\u015ft\u0131. Kazada ara\u00e7 s\u00fcr\u00fcc\u00fcleri ile birlikte toplam 6 ki\u015fi yaraland\u0131. Yaral\u0131lar kaza sonras\u0131 \u00e7evredekilerin haber vermesi \u00fczerine olay yerine gelen ambulanslarla hastanelere kald\u0131r\u0131ld\u0131.<br \/>\n<br \/>Kazan\u0131n ard\u0131ndan jandarma taraf\u0131ndan inceleme ba\u015flat\u0131ld\u0131.<br \/><\/p>\n","protected":false},"excerpt":{"rendered":"<p>Afyonkarahisar\u2019da kamyonet ile otomobilin \u00e7arp\u0131\u015fmas\u0131 sonucu meydana gelen trafik kazas\u0131nda 6 ki\u015fi yaraland\u0131. Kaza, De\u011firmendere k\u00f6y\u00fc yak\u0131nlar\u0131nda meydana geldi. Edinilen bilgilere g\u00f6re, S.P., idaresindeki 03 AED 481 plakal\u0131 kamyonet hen\u00fcz belirlenemeyen bir sebepten \u00f6t\u00fcr\u00fc D.B.\u2019nin kulland\u0131\u011f\u0131 09 AHL 056 otomobille \u00e7arp\u0131\u015ft\u0131. Kazada ara\u00e7 s\u00fcr\u00fcc\u00fcleri ile birlikte toplam 6 ki\u015fi yaraland\u0131. Yaral\u0131lar kaza sonras\u0131 \u00e7evredekilerin haber&#8230;<\/p>\n","protected":false},"author":1,"featured_media":67794,"comment_status":"open","ping_status":"open","sticky":false,"template":"","format":"standard","meta":{"_crdt_document":"","footnotes":""},"categories":[5],"tags":[],"class_list":["post-67793","post","type-post","status-publish","format-standard","has-post-thumbnail","hentry","category-asayis"],"_links":{"self":[{"href":"https:\/\/www.egemtv.com\/index.php?rest_route=\/wp\/v2\/posts\/67793","targetHints":{"allow":["GET"]}}],"collection":[{"href":"https:\/\/www.egemtv.com\/index.php?rest_route=\/wp\/v2\/posts"}],"about":[{"href":"https:\/\/www.egemtv.com\/index.php?rest_route=\/wp\/v2\/types\/post"}],"author":[{"embeddable":true,"href":"https:\/\/www.egemtv.com\/index.php?rest_route=\/wp\/v2\/users\/1"}],"replies":[{"embeddable":true,"href":"https:\/\/www.egemtv.com\/index.php?rest_route=%2Fwp%2Fv2%2Fcomments&post=67793"}],"version-history":[{"count":1,"href":"https:\/\/www.egemtv.com\/index.php?rest_route=\/wp\/v2\/posts\/67793\/revisions"}],"predecessor-version":[{"id":67795,"href":"https:\/\/www.egemtv.com\/index.php?rest_route=\/wp\/v2\/posts\/67793\/revisions\/67795"}],"wp:featuredmedia":[{"embeddable":true,"href":"https:\/\/www.egemtv.com\/index.php?rest_route=\/wp\/v2\/media\/67794"}],"wp:attachment":[{"href":"https:\/\/www.egemtv.com\/index.php?rest_route=%2Fwp%2Fv2%2Fmedia&parent=67793"}],"wp:term":[{"taxonomy":"category","embeddable":true,"href":"https:\/\/www.egemtv.com\/index.php?rest_route=%2Fwp%2Fv2%2Fcategories&post=67793"},{"taxonomy":"post_tag","embeddable":true,"href":"https:\/\/www.egemtv.com\/index.php?rest_route=%2Fwp%2Fv2%2Ftags&post=67793"}],"curies":[{"name":"wp","href":"https:\/\/api.w.org\/{rel}","templated":true}]}}