{"id":67790,"date":"2025-11-14T11:55:07","date_gmt":"2025-11-14T08:55:07","guid":{"rendered":"https:\/\/www.egemtv.com\/?p=67790"},"modified":"2025-11-14T11:55:08","modified_gmt":"2025-11-14T08:55:08","slug":"germencikte-yol-yenileme-calismalari-suruyor","status":"publish","type":"post","link":"https:\/\/www.egemtv.com\/?p=67790","title":{"rendered":"Germencik\u2019te yol yenileme \u00e7al\u0131\u015fmalar\u0131 s\u00fcr\u00fcyor"},"content":{"rendered":"<p>Ayd\u0131n\u2019\u0131n Germencik il\u00e7esinde ula\u015f\u0131m\u0131n daha g\u00fcvenli ve konforlu hale getirilmesi i\u00e7in Germencik Belediyesi Fen \u0130\u015fleri ekipleri il\u00e7e genelinde yo\u011fun bir mesai y\u00fcr\u00fct\u00fcyor.<\/p>\n<p>Germencik Belediyesi, il\u00e7e genelinde ula\u015f\u0131m g\u00fcvenli\u011fini ve konforunu art\u0131rmak amac\u0131yla yol bak\u0131m ve yenileme \u00e7al\u0131\u015fmalar\u0131na h\u0131z verdi. Fen \u0130\u015fleri ekipleri, hem ara\u00e7 trafi\u011fini hem de yaya ak\u0131\u015f\u0131n\u0131 rahatlatacak d\u00fczenlemeleri s\u00fcrd\u00fcr\u00fcyor. Belediye Ba\u015fkan\u0131 Burak Zencirci, il\u00e7ede y\u00fcr\u00fct\u00fclen \u00e7al\u0131\u015fmalara ili\u015fkin yapt\u0131\u011f\u0131 de\u011ferlendirmede Germencik\u2019te vatanda\u015flar\u0131n huzurla kullanabilece\u011fi yollar olu\u015fturmak i\u00e7in titiz bir \u00e7al\u0131\u015fma y\u00fcr\u00fct\u00fcld\u00fc\u011f\u00fcn\u00fc belirtti. Asfalt seriminden kald\u0131r\u0131m d\u00fczenlemelerine kadar yap\u0131lan her uygulaman\u0131n il\u00e7enin y\u0131llard\u0131r s\u00fcregelen d\u00fczenini korurken, gelece\u011fe daha sa\u011flam bir ula\u015f\u0131m altyap\u0131s\u0131 b\u0131rakmay\u0131 hedefledi\u011fini ifade eden Zencirci, sahadaki ekiplerin \u00f6zverili mesaisine te\u015fekk\u00fcr etti. \u00c7al\u0131\u015fmalar\u0131n yaln\u0131zca belirli b\u00f6lgelerle s\u0131n\u0131rl\u0131 kalmayaca\u011f\u0131n\u0131 dile getiren Zencirci, hizmetlerin il\u00e7enin her noktas\u0131nda ayn\u0131 kararl\u0131l\u0131kla devam edece\u011finin de alt\u0131n\u0131 \u00e7izdi.<br \/><\/p>\n","protected":false},"excerpt":{"rendered":"<p>Ayd\u0131n\u2019\u0131n Germencik il\u00e7esinde ula\u015f\u0131m\u0131n daha g\u00fcvenli ve konforlu hale getirilmesi i\u00e7in Germencik Belediyesi Fen \u0130\u015fleri ekipleri il\u00e7e genelinde yo\u011fun bir mesai y\u00fcr\u00fct\u00fcyor. Germencik Belediyesi, il\u00e7e genelinde ula\u015f\u0131m g\u00fcvenli\u011fini ve konforunu art\u0131rmak amac\u0131yla yol bak\u0131m ve yenileme \u00e7al\u0131\u015fmalar\u0131na h\u0131z verdi. Fen \u0130\u015fleri ekipleri, hem ara\u00e7 trafi\u011fini hem de yaya ak\u0131\u015f\u0131n\u0131 rahatlatacak d\u00fczenlemeleri s\u00fcrd\u00fcr\u00fcyor. Belediye Ba\u015fkan\u0131 Burak&#8230;<\/p>\n","protected":false},"author":1,"featured_media":67791,"comment_status":"open","ping_status":"open","sticky":false,"template":"","format":"standard","meta":{"_crdt_document":"","footnotes":""},"categories":[1],"tags":[],"class_list":["post-67790","post","type-post","status-publish","format-standard","has-post-thumbnail","hentry","category-guncel"],"_links":{"self":[{"href":"https:\/\/www.egemtv.com\/index.php?rest_route=\/wp\/v2\/posts\/67790","targetHints":{"allow":["GET"]}}],"collection":[{"href":"https:\/\/www.egemtv.com\/index.php?rest_route=\/wp\/v2\/posts"}],"about":[{"href":"https:\/\/www.egemtv.com\/index.php?rest_route=\/wp\/v2\/types\/post"}],"author":[{"embeddable":true,"href":"https:\/\/www.egemtv.com\/index.php?rest_route=\/wp\/v2\/users\/1"}],"replies":[{"embeddable":true,"href":"https:\/\/www.egemtv.com\/index.php?rest_route=%2Fwp%2Fv2%2Fcomments&post=67790"}],"version-history":[{"count":1,"href":"https:\/\/www.egemtv.com\/index.php?rest_route=\/wp\/v2\/posts\/67790\/revisions"}],"predecessor-version":[{"id":67792,"href":"https:\/\/www.egemtv.com\/index.php?rest_route=\/wp\/v2\/posts\/67790\/revisions\/67792"}],"wp:featuredmedia":[{"embeddable":true,"href":"https:\/\/www.egemtv.com\/index.php?rest_route=\/wp\/v2\/media\/67791"}],"wp:attachment":[{"href":"https:\/\/www.egemtv.com\/index.php?rest_route=%2Fwp%2Fv2%2Fmedia&parent=67790"}],"wp:term":[{"taxonomy":"category","embeddable":true,"href":"https:\/\/www.egemtv.com\/index.php?rest_route=%2Fwp%2Fv2%2Fcategories&post=67790"},{"taxonomy":"post_tag","embeddable":true,"href":"https:\/\/www.egemtv.com\/index.php?rest_route=%2Fwp%2Fv2%2Ftags&post=67790"}],"curies":[{"name":"wp","href":"https:\/\/api.w.org\/{rel}","templated":true}]}}