{"id":67787,"date":"2025-11-14T11:55:06","date_gmt":"2025-11-14T08:55:06","guid":{"rendered":"https:\/\/www.egemtv.com\/?p=67787"},"modified":"2025-11-14T11:55:07","modified_gmt":"2025-11-14T08:55:07","slug":"halil-akkas-atletizm-stadi-yenilenen-yuzuyle-hizmete-aciliyor","status":"publish","type":"post","link":"https:\/\/www.egemtv.com\/?p=67787","title":{"rendered":"Halil Akka\u015f Atletizm Stad\u0131 yenilenen y\u00fcz\u00fcyle hizmete a\u00e7\u0131l\u0131yor"},"content":{"rendered":"<p>K\u00fctahya\u2019n\u0131n \u00f6nemli spor alanlar\u0131ndan Halil Akka\u015f Atletizm Stad\u0131, kapsaml\u0131 tadilat \u00e7al\u0131\u015fmalar\u0131n\u0131n tamamlanmas\u0131n\u0131n ard\u0131ndan yeniden halk\u0131n kullan\u0131m\u0131na a\u00e7\u0131l\u0131yor. Modernize edilen tesis, 16 Kas\u0131m Pazar g\u00fcn\u00fc itibar\u0131yla spor severleri a\u011f\u0131rlamaya ba\u015flayacak.<br \/>\n<br \/>Yenileme s\u00fcrecinde y\u00fcr\u00fcy\u00fc\u015f alanlar\u0131, antrenman pistleri ve \u00e7e\u015fitli spor bran\u015flar\u0131na uygun b\u00f6l\u00fcmler elden ge\u00e7irilerek daha konforlu ve g\u00fcvenli bir hale getirildi. Stad\u0131n, bireysel antrenman yapan sporculardan vatanda\u015flara kadar geni\u015f bir kullan\u0131c\u0131 kitlesine hizmet vermesi hedefleniyor.<br \/>\n<br \/>Gen\u00e7leri spora te\u015fvik eden ve \u015fehrin spor altyap\u0131s\u0131n\u0131 g\u00fc\u00e7lendiren bu d\u00f6n\u00fc\u015f\u00fcm\u00fcn, K\u00fctahya\u2019n\u0131n spor gelece\u011fi a\u00e7\u0131s\u0131ndan \u00f6nemli bir ad\u0131m oldu\u011fu vurgulan\u0131yor.<br \/>\n<br \/>K\u00fctahya, yenilenen pistleriyle yeniden sporun merkezi olmaya haz\u0131rlan\u0131yor. Sporun kalbi Halil Akka\u015f Atletizm Stad\u0131\u2019nda yeniden atacak.<br \/><\/p>\n","protected":false},"excerpt":{"rendered":"<p>K\u00fctahya\u2019n\u0131n \u00f6nemli spor alanlar\u0131ndan Halil Akka\u015f Atletizm Stad\u0131, kapsaml\u0131 tadilat \u00e7al\u0131\u015fmalar\u0131n\u0131n tamamlanmas\u0131n\u0131n ard\u0131ndan yeniden halk\u0131n kullan\u0131m\u0131na a\u00e7\u0131l\u0131yor. Modernize edilen tesis, 16 Kas\u0131m Pazar g\u00fcn\u00fc itibar\u0131yla spor severleri a\u011f\u0131rlamaya ba\u015flayacak. Yenileme s\u00fcrecinde y\u00fcr\u00fcy\u00fc\u015f alanlar\u0131, antrenman pistleri ve \u00e7e\u015fitli spor bran\u015flar\u0131na uygun b\u00f6l\u00fcmler elden ge\u00e7irilerek daha konforlu ve g\u00fcvenli bir hale getirildi. Stad\u0131n, bireysel antrenman yapan sporculardan&#8230;<\/p>\n","protected":false},"author":1,"featured_media":67788,"comment_status":"open","ping_status":"open","sticky":false,"template":"","format":"standard","meta":{"_crdt_document":"","footnotes":""},"categories":[4],"tags":[],"class_list":["post-67787","post","type-post","status-publish","format-standard","has-post-thumbnail","hentry","category-spor"],"_links":{"self":[{"href":"https:\/\/www.egemtv.com\/index.php?rest_route=\/wp\/v2\/posts\/67787","targetHints":{"allow":["GET"]}}],"collection":[{"href":"https:\/\/www.egemtv.com\/index.php?rest_route=\/wp\/v2\/posts"}],"about":[{"href":"https:\/\/www.egemtv.com\/index.php?rest_route=\/wp\/v2\/types\/post"}],"author":[{"embeddable":true,"href":"https:\/\/www.egemtv.com\/index.php?rest_route=\/wp\/v2\/users\/1"}],"replies":[{"embeddable":true,"href":"https:\/\/www.egemtv.com\/index.php?rest_route=%2Fwp%2Fv2%2Fcomments&post=67787"}],"version-history":[{"count":1,"href":"https:\/\/www.egemtv.com\/index.php?rest_route=\/wp\/v2\/posts\/67787\/revisions"}],"predecessor-version":[{"id":67789,"href":"https:\/\/www.egemtv.com\/index.php?rest_route=\/wp\/v2\/posts\/67787\/revisions\/67789"}],"wp:featuredmedia":[{"embeddable":true,"href":"https:\/\/www.egemtv.com\/index.php?rest_route=\/wp\/v2\/media\/67788"}],"wp:attachment":[{"href":"https:\/\/www.egemtv.com\/index.php?rest_route=%2Fwp%2Fv2%2Fmedia&parent=67787"}],"wp:term":[{"taxonomy":"category","embeddable":true,"href":"https:\/\/www.egemtv.com\/index.php?rest_route=%2Fwp%2Fv2%2Fcategories&post=67787"},{"taxonomy":"post_tag","embeddable":true,"href":"https:\/\/www.egemtv.com\/index.php?rest_route=%2Fwp%2Fv2%2Ftags&post=67787"}],"curies":[{"name":"wp","href":"https:\/\/api.w.org\/{rel}","templated":true}]}}