{"id":67778,"date":"2025-11-14T11:55:03","date_gmt":"2025-11-14T08:55:03","guid":{"rendered":"https:\/\/www.egemtv.com\/?p=67778"},"modified":"2025-11-14T11:55:04","modified_gmt":"2025-11-14T08:55:04","slug":"kutahya-belediyesinden-personeline-etkili-iletisim-davranis-bicimleri-egitimi","status":"publish","type":"post","link":"https:\/\/www.egemtv.com\/?p=67778","title":{"rendered":"K\u00fctahya Belediyesi\u2019nden personeline &#8220;Etkili \u0130leti\u015fim Davran\u0131\u015f Bi\u00e7imleri&#8221; e\u011fitimi"},"content":{"rendered":"<p>K\u00fctahya Belediyesi, personelinin ki\u015fisel geli\u015fimini desteklemek ve kurumsal ileti\u015fim becerilerini g\u00fc\u00e7lendirmek amac\u0131yla &#8220;Etkili \u0130leti\u015fim Davran\u0131\u015f Bi\u00e7imleri&#8221; e\u011fitim program\u0131 d\u00fczenledi.<br \/>\n<br \/>T\u00fcrkiye Belediyeler Birli\u011fi (TBB) E\u011fitimcisi Ta\u015fk\u0131n Tahmaz taraf\u0131ndan verilen e\u011fitime, K\u00fctahya Belediye Ba\u015fkan\u0131 Ey\u00fcp Kahveci ve belediye personeli kat\u0131ld\u0131. \u0130nsan Kaynaklar\u0131 ve E\u011fitim M\u00fcd\u00fcrl\u00fc\u011f\u00fc koordinasyonunda ger\u00e7ekle\u015ftirilen e\u011fitimde; etkili ileti\u015fim stratejileri, ki\u015filik t\u00fcrleri, ya\u015fam amac\u0131n\u0131n ke\u015ffi, de\u011fer ve inan\u00e7 sistemi, fark\u0131ndal\u0131k, \u00e7at\u0131\u015fma y\u00f6netimi, problem \u00e7\u00f6zme becerileri, ekip \u00e7al\u0131\u015fmas\u0131 ve ki\u015fisel motivasyon gibi bir\u00e7ok konu kapsaml\u0131 \u015fekilde ele al\u0131nd\u0131.<br \/>\n<br \/>TBB E\u011fitimcisi Ta\u015fk\u0131n Tahmaz, e\u011fitimin teorik ve uygulamal\u0131 b\u00f6l\u00fcmlerinde kat\u0131l\u0131mc\u0131lara rehberlik ederek her bireyin kendi tarihi potansiyelini tan\u0131mas\u0131n\u0131n \u00f6nemine vurgu yapt\u0131. Kamu hizmetinde insan odakl\u0131 yakla\u015f\u0131m\u0131n g\u00fcvenin temelini olu\u015fturdu\u011funu belirten Tahmaz, kendisini bir &#8220;yol arkada\u015f\u0131&#8221; olarak tan\u0131mlad\u0131\u011f\u0131n\u0131 s\u00f6yledi.<br \/>\n<br \/>Program\u0131 ilgiyle takip eden Belediye Ba\u015fkan\u0131 Ey\u00fcp Kahveci, e\u011fitimin sonunda Ta\u015fk\u0131n Tahmaz\u2019a te\u015fekk\u00fcr ederek hediye takdiminde bulundu. K\u00fctahya Belediyesi, \u00e7al\u0131\u015fanlar\u0131n\u0131n ki\u015fisel geli\u015fimine katk\u0131 sa\u011flayan e\u011fitim programlar\u0131n\u0131 s\u00fcrd\u00fcr\u00fcrek kurumsal verimlili\u011fi ve vatanda\u015f memnuniyetini art\u0131rmay\u0131 hedefliyor.<br \/><\/p>\n","protected":false},"excerpt":{"rendered":"<p>K\u00fctahya Belediyesi, personelinin ki\u015fisel geli\u015fimini desteklemek ve kurumsal ileti\u015fim becerilerini g\u00fc\u00e7lendirmek amac\u0131yla &#8220;Etkili \u0130leti\u015fim Davran\u0131\u015f Bi\u00e7imleri&#8221; e\u011fitim program\u0131 d\u00fczenledi. T\u00fcrkiye Belediyeler Birli\u011fi (TBB) E\u011fitimcisi Ta\u015fk\u0131n Tahmaz taraf\u0131ndan verilen e\u011fitime, K\u00fctahya Belediye Ba\u015fkan\u0131 Ey\u00fcp Kahveci ve belediye personeli kat\u0131ld\u0131. \u0130nsan Kaynaklar\u0131 ve E\u011fitim M\u00fcd\u00fcrl\u00fc\u011f\u00fc koordinasyonunda ger\u00e7ekle\u015ftirilen e\u011fitimde; etkili ileti\u015fim stratejileri, ki\u015filik t\u00fcrleri, ya\u015fam amac\u0131n\u0131n ke\u015ffi, de\u011fer&#8230;<\/p>\n","protected":false},"author":1,"featured_media":67779,"comment_status":"open","ping_status":"open","sticky":false,"template":"","format":"standard","meta":{"_crdt_document":"","footnotes":""},"categories":[1],"tags":[],"class_list":["post-67778","post","type-post","status-publish","format-standard","has-post-thumbnail","hentry","category-guncel"],"_links":{"self":[{"href":"https:\/\/www.egemtv.com\/index.php?rest_route=\/wp\/v2\/posts\/67778","targetHints":{"allow":["GET"]}}],"collection":[{"href":"https:\/\/www.egemtv.com\/index.php?rest_route=\/wp\/v2\/posts"}],"about":[{"href":"https:\/\/www.egemtv.com\/index.php?rest_route=\/wp\/v2\/types\/post"}],"author":[{"embeddable":true,"href":"https:\/\/www.egemtv.com\/index.php?rest_route=\/wp\/v2\/users\/1"}],"replies":[{"embeddable":true,"href":"https:\/\/www.egemtv.com\/index.php?rest_route=%2Fwp%2Fv2%2Fcomments&post=67778"}],"version-history":[{"count":1,"href":"https:\/\/www.egemtv.com\/index.php?rest_route=\/wp\/v2\/posts\/67778\/revisions"}],"predecessor-version":[{"id":67780,"href":"https:\/\/www.egemtv.com\/index.php?rest_route=\/wp\/v2\/posts\/67778\/revisions\/67780"}],"wp:featuredmedia":[{"embeddable":true,"href":"https:\/\/www.egemtv.com\/index.php?rest_route=\/wp\/v2\/media\/67779"}],"wp:attachment":[{"href":"https:\/\/www.egemtv.com\/index.php?rest_route=%2Fwp%2Fv2%2Fmedia&parent=67778"}],"wp:term":[{"taxonomy":"category","embeddable":true,"href":"https:\/\/www.egemtv.com\/index.php?rest_route=%2Fwp%2Fv2%2Fcategories&post=67778"},{"taxonomy":"post_tag","embeddable":true,"href":"https:\/\/www.egemtv.com\/index.php?rest_route=%2Fwp%2Fv2%2Ftags&post=67778"}],"curies":[{"name":"wp","href":"https:\/\/api.w.org\/{rel}","templated":true}]}}