{"id":67775,"date":"2025-11-14T11:35:33","date_gmt":"2025-11-14T08:35:33","guid":{"rendered":"https:\/\/www.egemtv.com\/?p=67775"},"modified":"2025-11-14T11:35:34","modified_gmt":"2025-11-14T08:35:34","slug":"baskan-zencirci-minik-jimnastikcileri-agirladi","status":"publish","type":"post","link":"https:\/\/www.egemtv.com\/?p=67775","title":{"rendered":"Ba\u015fkan Zencirci, minik jimnastikcileri a\u011f\u0131rlad\u0131"},"content":{"rendered":"<p>Germencik Belediye Ba\u015fkan\u0131 Burak Zencirci belediyeye ba\u011fl\u0131 K\u00fclt\u00fcr, Sanat ve Spor Merkezleri\u2019nde e\u011fitim alan jimnastik \u00f6\u011frencilerini ve e\u011fitmenlerini a\u011f\u0131rlad\u0131.<\/p>\n<p>Her g\u00f6sterilerinde renkli g\u00f6r\u00fcnt\u00fcler ortaya koyan minik sporcularla keyifli bir sohbet ger\u00e7ekle\u015ftiren Germencik Belediye Ba\u015fkan\u0131 Burak Zencirci, ara tatili kitap okuyarak de\u011ferlendireceklerine dair s\u00f6z ald\u0131. \u00d6\u011frencilerin geli\u015fimini yak\u0131ndan takip ettiklerini dile getiren Ba\u015fkan Zencirci, il\u00e7ede spora verilen deste\u011fin artarak devam edece\u011fini vurgulad\u0131.<\/p>\n<p>Ba\u015fkan Zencirci sosyal medya hesab\u0131ndan yapt\u0131\u011f\u0131 payla\u015f\u0131mda, &#8220;Belediyemiz K\u00fclt\u00fcr, Sanat ve Spor Merkezlerimizde e\u011fitim g\u00f6ren jimnastik \u00f6\u011frencilerimizi ve de\u011ferli e\u011fitmenlerimizi a\u011f\u0131rlad\u0131k. \u00c7\u0131kt\u0131klar\u0131 her g\u00f6steride gururumuz olan miniklerimiz ile sohbet etmek olduk\u00e7a keyifliydi. Ara tatili kitap okuyarak de\u011ferlendireceklerinin s\u00f6z\u00fcn\u00fc al\u0131rken onlar da yeni kost\u00fcmleri i\u00e7in onay almay\u0131 unutmad\u0131lar. Yetenekli miniklerimize ve k\u0131ymetli e\u011fitmenlerimize ziyaretleri i\u00e7in te\u015fekk\u00fcr ediyorum&#8221; ifadelerine yer verdi.<br \/><\/p>\n","protected":false},"excerpt":{"rendered":"<p>Germencik Belediye Ba\u015fkan\u0131 Burak Zencirci belediyeye ba\u011fl\u0131 K\u00fclt\u00fcr, Sanat ve Spor Merkezleri\u2019nde e\u011fitim alan jimnastik \u00f6\u011frencilerini ve e\u011fitmenlerini a\u011f\u0131rlad\u0131. Her g\u00f6sterilerinde renkli g\u00f6r\u00fcnt\u00fcler ortaya koyan minik sporcularla keyifli bir sohbet ger\u00e7ekle\u015ftiren Germencik Belediye Ba\u015fkan\u0131 Burak Zencirci, ara tatili kitap okuyarak de\u011ferlendireceklerine dair s\u00f6z ald\u0131. \u00d6\u011frencilerin geli\u015fimini yak\u0131ndan takip ettiklerini dile getiren Ba\u015fkan Zencirci, il\u00e7ede spora&#8230;<\/p>\n","protected":false},"author":1,"featured_media":67776,"comment_status":"open","ping_status":"open","sticky":false,"template":"","format":"standard","meta":{"_crdt_document":"","footnotes":""},"categories":[1],"tags":[],"class_list":["post-67775","post","type-post","status-publish","format-standard","has-post-thumbnail","hentry","category-guncel"],"_links":{"self":[{"href":"https:\/\/www.egemtv.com\/index.php?rest_route=\/wp\/v2\/posts\/67775","targetHints":{"allow":["GET"]}}],"collection":[{"href":"https:\/\/www.egemtv.com\/index.php?rest_route=\/wp\/v2\/posts"}],"about":[{"href":"https:\/\/www.egemtv.com\/index.php?rest_route=\/wp\/v2\/types\/post"}],"author":[{"embeddable":true,"href":"https:\/\/www.egemtv.com\/index.php?rest_route=\/wp\/v2\/users\/1"}],"replies":[{"embeddable":true,"href":"https:\/\/www.egemtv.com\/index.php?rest_route=%2Fwp%2Fv2%2Fcomments&post=67775"}],"version-history":[{"count":1,"href":"https:\/\/www.egemtv.com\/index.php?rest_route=\/wp\/v2\/posts\/67775\/revisions"}],"predecessor-version":[{"id":67777,"href":"https:\/\/www.egemtv.com\/index.php?rest_route=\/wp\/v2\/posts\/67775\/revisions\/67777"}],"wp:featuredmedia":[{"embeddable":true,"href":"https:\/\/www.egemtv.com\/index.php?rest_route=\/wp\/v2\/media\/67776"}],"wp:attachment":[{"href":"https:\/\/www.egemtv.com\/index.php?rest_route=%2Fwp%2Fv2%2Fmedia&parent=67775"}],"wp:term":[{"taxonomy":"category","embeddable":true,"href":"https:\/\/www.egemtv.com\/index.php?rest_route=%2Fwp%2Fv2%2Fcategories&post=67775"},{"taxonomy":"post_tag","embeddable":true,"href":"https:\/\/www.egemtv.com\/index.php?rest_route=%2Fwp%2Fv2%2Ftags&post=67775"}],"curies":[{"name":"wp","href":"https:\/\/api.w.org\/{rel}","templated":true}]}}