{"id":67772,"date":"2025-11-14T11:35:32","date_gmt":"2025-11-14T08:35:32","guid":{"rendered":"https:\/\/www.egemtv.com\/?p=67772"},"modified":"2025-11-14T11:35:33","modified_gmt":"2025-11-14T08:35:33","slug":"kutahya-belediyesinden-ozel-ogrencilere-sifir-atik-egitimi","status":"publish","type":"post","link":"https:\/\/www.egemtv.com\/?p=67772","title":{"rendered":"K\u00fctahya Belediyesi\u2019nden \u00f6zel \u00f6\u011frencilere s\u0131f\u0131r at\u0131k e\u011fitimi"},"content":{"rendered":"<p>K\u00fctahya Belediyesi, \u00e7evre bilincini art\u0131rmak ve s\u00fcrd\u00fcr\u00fclebilir bir gelecek i\u00e7in fark\u0131ndal\u0131k olu\u015fturmak amac\u0131yla Akdemir \u00d6zel E\u011fitim ve Rehabilitasyon Merkezi\u2019nde e\u011fitim g\u00f6ren \u00f6zel \u00f6\u011frenciler i\u00e7in &#8220;S\u0131f\u0131r At\u0131k E\u011fitimi&#8221; d\u00fczenledi.<br \/>\n<br \/>Sevimli vazo maskotunun e\u015flik etti\u011fi etkinlikte \u00f6\u011frencilere su verimlili\u011fi, israf\u0131n \u00f6nlenmesi, geri d\u00f6n\u00fc\u015f\u00fcm\u00fcn \u00f6nemi, at\u0131k olu\u015fumunun azalt\u0131lmas\u0131 ve duyarl\u0131 ya\u015fam al\u0131\u015fkanl\u0131klar\u0131 gibi konularda bilgilendirmeler yap\u0131ld\u0131. E\u011fitim kapsam\u0131nda, \u00f6\u011frencilerin evde, okulda ve sosyal alanlarda uygulayabilecekleri s\u0131f\u0131r at\u0131k y\u00f6ntemleri de \u00f6rneklerle anlat\u0131ld\u0131.<br \/>\n<br \/>K\u00fctahya Belediyesi \u0130klim De\u011fi\u015fikli\u011fi ve S\u0131f\u0131r At\u0131k M\u00fcd\u00fcrl\u00fc\u011f\u00fc koordinasyonunda ger\u00e7ekle\u015ftirilen programda \u00f6\u011frenciler, at\u0131klar\u0131n do\u011fru \u015fekilde ayr\u0131\u015ft\u0131r\u0131lmas\u0131 ve geri d\u00f6n\u00fc\u015ft\u00fcr\u00fclmesi konusunda uygulamal\u0131 bilgiler edinme f\u0131rsat\u0131 buldu.<br \/>\n<br \/>S\u00fcrd\u00fcr\u00fclebilir \u00e7evre politikalar\u0131 do\u011frultusunda \u00e7al\u0131\u015fmalar\u0131n\u0131 s\u00fcrd\u00fcrd\u00fcklerini belirten K\u00fctahya Belediyesi, toplumsal fark\u0131ndal\u0131\u011f\u0131 art\u0131rmak amac\u0131yla benzer e\u011fitim faaliyetlerine devam edeceklerini duyurdu.<br \/><\/p>\n","protected":false},"excerpt":{"rendered":"<p>K\u00fctahya Belediyesi, \u00e7evre bilincini art\u0131rmak ve s\u00fcrd\u00fcr\u00fclebilir bir gelecek i\u00e7in fark\u0131ndal\u0131k olu\u015fturmak amac\u0131yla Akdemir \u00d6zel E\u011fitim ve Rehabilitasyon Merkezi\u2019nde e\u011fitim g\u00f6ren \u00f6zel \u00f6\u011frenciler i\u00e7in &#8220;S\u0131f\u0131r At\u0131k E\u011fitimi&#8221; d\u00fczenledi. Sevimli vazo maskotunun e\u015flik etti\u011fi etkinlikte \u00f6\u011frencilere su verimlili\u011fi, israf\u0131n \u00f6nlenmesi, geri d\u00f6n\u00fc\u015f\u00fcm\u00fcn \u00f6nemi, at\u0131k olu\u015fumunun azalt\u0131lmas\u0131 ve duyarl\u0131 ya\u015fam al\u0131\u015fkanl\u0131klar\u0131 gibi konularda bilgilendirmeler yap\u0131ld\u0131. E\u011fitim kapsam\u0131nda,&#8230;<\/p>\n","protected":false},"author":1,"featured_media":67773,"comment_status":"open","ping_status":"open","sticky":false,"template":"","format":"standard","meta":{"_crdt_document":"","footnotes":""},"categories":[1],"tags":[],"class_list":["post-67772","post","type-post","status-publish","format-standard","has-post-thumbnail","hentry","category-guncel"],"_links":{"self":[{"href":"https:\/\/www.egemtv.com\/index.php?rest_route=\/wp\/v2\/posts\/67772","targetHints":{"allow":["GET"]}}],"collection":[{"href":"https:\/\/www.egemtv.com\/index.php?rest_route=\/wp\/v2\/posts"}],"about":[{"href":"https:\/\/www.egemtv.com\/index.php?rest_route=\/wp\/v2\/types\/post"}],"author":[{"embeddable":true,"href":"https:\/\/www.egemtv.com\/index.php?rest_route=\/wp\/v2\/users\/1"}],"replies":[{"embeddable":true,"href":"https:\/\/www.egemtv.com\/index.php?rest_route=%2Fwp%2Fv2%2Fcomments&post=67772"}],"version-history":[{"count":1,"href":"https:\/\/www.egemtv.com\/index.php?rest_route=\/wp\/v2\/posts\/67772\/revisions"}],"predecessor-version":[{"id":67774,"href":"https:\/\/www.egemtv.com\/index.php?rest_route=\/wp\/v2\/posts\/67772\/revisions\/67774"}],"wp:featuredmedia":[{"embeddable":true,"href":"https:\/\/www.egemtv.com\/index.php?rest_route=\/wp\/v2\/media\/67773"}],"wp:attachment":[{"href":"https:\/\/www.egemtv.com\/index.php?rest_route=%2Fwp%2Fv2%2Fmedia&parent=67772"}],"wp:term":[{"taxonomy":"category","embeddable":true,"href":"https:\/\/www.egemtv.com\/index.php?rest_route=%2Fwp%2Fv2%2Fcategories&post=67772"},{"taxonomy":"post_tag","embeddable":true,"href":"https:\/\/www.egemtv.com\/index.php?rest_route=%2Fwp%2Fv2%2Ftags&post=67772"}],"curies":[{"name":"wp","href":"https:\/\/api.w.org\/{rel}","templated":true}]}}