{"id":67769,"date":"2025-11-14T11:35:32","date_gmt":"2025-11-14T08:35:32","guid":{"rendered":"https:\/\/www.egemtv.com\/?p=67769"},"modified":"2025-11-14T11:35:32","modified_gmt":"2025-11-14T08:35:32","slug":"buyuksehirden-13-ilcede-ucretsiz-diyabet-taramasi","status":"publish","type":"post","link":"https:\/\/www.egemtv.com\/?p=67769","title":{"rendered":"B\u00fcy\u00fck\u015fehir\u2019den 13 il\u00e7ede \u00fccretsiz Diyabet taramas\u0131"},"content":{"rendered":"<p>Mu\u011fla B\u00fcy\u00fck\u015fehir Belediyesi, 14 Kas\u0131m D\u00fcnya Diyabet G\u00fcn\u00fc kapsam\u0131nda diyabet hastal\u0131\u011f\u0131na dikkat \u00e7ekmek, erken te\u015fhisin \u00f6nemini vurgulamak ve fark\u0131ndal\u0131k olu\u015fturmak amac\u0131yla 13 il\u00e7ede \u00fccretsiz \u015feker ve tansiyon \u00f6l\u00e7\u00fcm\u00fc ger\u00e7ekle\u015ftiriyor.<br \/>\n<br \/>B\u00fcy\u00fck\u015fehir Belediyesi sa\u011fl\u0131k ekipleri taraf\u0131ndan y\u00fcr\u00fct\u00fclen taramalar, 14-21 Kas\u0131m 2025 tarihleri aras\u0131nda sabah 09.30-12.00 saatleri aras\u0131nda yap\u0131lacak. \u00d6l\u00e7\u00fcmler, il genelinde vatanda\u015flar\u0131n kolay ula\u015fabilece\u011fi noktalarda kurulacak sa\u011fl\u0131k stantlar\u0131nda ger\u00e7ekle\u015ftirilecek. Parmak ucundan yap\u0131lan \u00f6l\u00e7\u00fcmler sonucu kan \u015fekeri de\u011feri y\u00fcksek \u00e7\u0131kan vatanda\u015flar sa\u011fl\u0131k personeli taraf\u0131ndan bilgilendirilerek en yak\u0131n sa\u011fl\u0131k kurulu\u015flar\u0131na y\u00f6nlendirilecek.<br \/>\n<br \/>\u0130l\u00e7elerde \u00d6l\u00e7\u00fcmler Nerede ve Hangi Tarihlerde Yap\u0131lacak?<br \/>\n<br \/>Etkinlikler kapsam\u0131nda Bodrum il\u00e7esinde 14 Kas\u0131m\u2019da Sa\u011fl\u0131k Birimi Ofisi \u00f6n\u00fcnde, 19 Kas\u0131m\u2019da Akyarlar Mahallesi Muhtarl\u0131\u011f\u0131 \u00f6n\u00fcnde ve 20 Kas\u0131m\u2019da Bitez Mahallesi Muhtarl\u0131\u011f\u0131 \u00f6n\u00fcnde \u015feker \u00f6l\u00e7\u00fcm\u00fc yap\u0131lacak. Milas\u2019ta 14 Kas\u0131m\u2019da Sa\u011fl\u0131k Birimi Ofisi \u00f6n\u00fcnde, 20 Kas\u0131m\u2019da ise G\u00fcll\u00fck Mahallesi Pazaryerinde vatanda\u015flarla bir araya gelinecek. Yata\u011fan\u2019da 14 Kas\u0131m\u2019da Sa\u011fl\u0131k Birimi Ofisi \u00f6n\u00fcnde, 18 Kas\u0131m\u2019da Yenik\u00f6y Mahallesinde \u00f6l\u00e7\u00fcm yap\u0131lacak.<br \/>\n<br \/>Kavakl\u0131dere\u2019de 18 Kas\u0131m\u2019da Ortak\u00f6y Mahallesinde, 21 Kas\u0131m\u2019da ise Kurucuova Mahallesinde etkinlik ger\u00e7ekle\u015ftirilecek. Mente\u015fe\u2019de 14 Kas\u0131m\u2019da 2 Nolu Hizmet Binas\u0131 bah\u00e7esinde, 20 Kas\u0131m\u2019da ise S\u0131n\u0131rs\u0131zl\u0131k Meydan\u0131nda vatanda\u015flara \u00fccretsiz \u015feker \u00f6l\u00e7\u00fcm\u00fc hizmeti sunulacak. Ula\u2019da 18 Kas\u0131m\u2019da Sarayyan\u0131 Mahallesi Muhtarl\u0131\u011f\u0131 \u00f6n\u00fcnde, 21 Kas\u0131m\u2019da Ula Belediye Binas\u0131 \u00f6n\u00fcnde \u00f6l\u00e7\u00fcmler yap\u0131lacak.<br \/>\n<br \/>Marmaris\u2019te 14 Kas\u0131m\u2019da Armutalan Hizmet Binas\u0131 bah\u00e7esinde, 20 Kas\u0131m\u2019da Kemeralt\u0131 Mahallesi\u2019nde sa\u011fl\u0131k ekibi g\u00f6rev yapacak. Dat\u00e7a\u2019da 14 Kas\u0131m\u2019da MUSK\u0130 Abone \u0130\u015fleri Binas\u0131 \u00f6n\u00fcnde, 20 Kas\u0131m\u2019da Yaz\u0131 Mahallesinde vatanda\u015flara hizmet verilecek. K\u00f6yce\u011fiz\u2019de 18 Kas\u0131m\u2019da G\u00fclp\u0131nar Mahallesi \u00d6\u011fretmen Evi \u00f6n\u00fcnde, 20 Kas\u0131m\u2019da ise \u00c7and\u0131r Mahallesi Muhtarl\u0131\u011f\u0131 \u00f6n\u00fcnde \u00f6l\u00e7\u00fcm noktalar\u0131 kurulacak.<br \/>\n<br \/>Ortaca\u2019da 14 Kas\u0131m\u2019da Sa\u011fl\u0131k Birimi Ofisi \u00f6n\u00fcnde, 21 Kas\u0131m\u2019da Pazaryeri giri\u015finde \u00f6l\u00e7\u00fcmler yap\u0131lacak. Dalaman\u2019da 18 Kas\u0131m\u2019da Ak\u00e7ata\u015f Mahallesi Cami \u00f6n\u00fcnde, 21 Kas\u0131m\u2019da Pazaryeri giri\u015finde vatanda\u015flara \u00fccretsiz \u00f6l\u00e7\u00fcm hizmeti sunulacak. Fethiye\u2019de 14 Kas\u0131m\u2019da Sa\u011fl\u0131k Birimi Ofisi \u00f6n\u00fcnde, 19 Kas\u0131m\u2019da ise Pazaryeri giri\u015finde etkinlik ger\u00e7ekle\u015ftirilecek. Seydikemer\u2019de 14 Kas\u0131m\u2019da Sa\u011fl\u0131k Birimi Ofisi \u00f6n\u00fcnde, 19 Kas\u0131m\u2019da Yakaba\u011f Mahallesi\u2019nde vatanda\u015flar\u0131n kan \u015fekeri \u00f6l\u00e7\u00fcmleri yap\u0131lacak.<br \/>\n<br \/>Ba\u015fkan Aras: &#8220;Sa\u011fl\u0131kl\u0131 ya\u015fam al\u0131\u015fkanl\u0131klar\u0131n\u0131n yerle\u015fmesi i\u00e7in \u00e7al\u0131\u015f\u0131yoruz&#8221;<br \/>\n<br \/>K\u0131y\u0131 Ege Belediyeler Birli\u011fi ve Mu\u011fla B\u00fcy\u00fck\u015fehir Belediye Ba\u015fkan\u0131 Ahmet Aras, diyabet fark\u0131ndal\u0131\u011f\u0131na y\u00f6nelik etkinliklerin toplum sa\u011fl\u0131\u011f\u0131 a\u00e7\u0131s\u0131ndan \u00f6nemine dikkat \u00e7ekerek \u015funlar\u0131 s\u00f6yledi: &#8220;Sa\u011fl\u0131k hizmetlerinde \u00f6nceli\u011fimiz koruyucu ve \u00f6nleyici \u00e7al\u0131\u015fmalard\u0131r. Vatanda\u015flar\u0131m\u0131z\u0131n bilin\u00e7lenmesi, diyabetin erken te\u015fhisi ve sa\u011fl\u0131kl\u0131 ya\u015fam al\u0131\u015fkanl\u0131klar\u0131n\u0131n yerle\u015fmesi i\u00e7in 13 il\u00e7emizde sahaday\u0131z. Bu t\u00fcr etkinliklerle hem fark\u0131ndal\u0131k olu\u015fturuyor hem de erken te\u015fhisle bir\u00e7ok hastal\u0131\u011f\u0131n \u00f6n\u00fcne ge\u00e7ilmesine katk\u0131 sa\u011fl\u0131yoruz&#8221; dedi.<br \/><\/p>\n","protected":false},"excerpt":{"rendered":"<p>Mu\u011fla B\u00fcy\u00fck\u015fehir Belediyesi, 14 Kas\u0131m D\u00fcnya Diyabet G\u00fcn\u00fc kapsam\u0131nda diyabet hastal\u0131\u011f\u0131na dikkat \u00e7ekmek, erken te\u015fhisin \u00f6nemini vurgulamak ve fark\u0131ndal\u0131k olu\u015fturmak amac\u0131yla 13 il\u00e7ede \u00fccretsiz \u015feker ve tansiyon \u00f6l\u00e7\u00fcm\u00fc ger\u00e7ekle\u015ftiriyor. B\u00fcy\u00fck\u015fehir Belediyesi sa\u011fl\u0131k ekipleri taraf\u0131ndan y\u00fcr\u00fct\u00fclen taramalar, 14-21 Kas\u0131m 2025 tarihleri aras\u0131nda sabah 09.30-12.00 saatleri aras\u0131nda yap\u0131lacak. \u00d6l\u00e7\u00fcmler, il genelinde vatanda\u015flar\u0131n kolay ula\u015fabilece\u011fi noktalarda kurulacak sa\u011fl\u0131k&#8230;<\/p>\n","protected":false},"author":1,"featured_media":67770,"comment_status":"open","ping_status":"open","sticky":false,"template":"","format":"standard","meta":{"_crdt_document":"","footnotes":""},"categories":[2],"tags":[],"class_list":["post-67769","post","type-post","status-publish","format-standard","has-post-thumbnail","hentry","category-saglik"],"_links":{"self":[{"href":"https:\/\/www.egemtv.com\/index.php?rest_route=\/wp\/v2\/posts\/67769","targetHints":{"allow":["GET"]}}],"collection":[{"href":"https:\/\/www.egemtv.com\/index.php?rest_route=\/wp\/v2\/posts"}],"about":[{"href":"https:\/\/www.egemtv.com\/index.php?rest_route=\/wp\/v2\/types\/post"}],"author":[{"embeddable":true,"href":"https:\/\/www.egemtv.com\/index.php?rest_route=\/wp\/v2\/users\/1"}],"replies":[{"embeddable":true,"href":"https:\/\/www.egemtv.com\/index.php?rest_route=%2Fwp%2Fv2%2Fcomments&post=67769"}],"version-history":[{"count":1,"href":"https:\/\/www.egemtv.com\/index.php?rest_route=\/wp\/v2\/posts\/67769\/revisions"}],"predecessor-version":[{"id":67771,"href":"https:\/\/www.egemtv.com\/index.php?rest_route=\/wp\/v2\/posts\/67769\/revisions\/67771"}],"wp:featuredmedia":[{"embeddable":true,"href":"https:\/\/www.egemtv.com\/index.php?rest_route=\/wp\/v2\/media\/67770"}],"wp:attachment":[{"href":"https:\/\/www.egemtv.com\/index.php?rest_route=%2Fwp%2Fv2%2Fmedia&parent=67769"}],"wp:term":[{"taxonomy":"category","embeddable":true,"href":"https:\/\/www.egemtv.com\/index.php?rest_route=%2Fwp%2Fv2%2Fcategories&post=67769"},{"taxonomy":"post_tag","embeddable":true,"href":"https:\/\/www.egemtv.com\/index.php?rest_route=%2Fwp%2Fv2%2Ftags&post=67769"}],"curies":[{"name":"wp","href":"https:\/\/api.w.org\/{rel}","templated":true}]}}