{"id":67766,"date":"2025-11-14T11:35:31","date_gmt":"2025-11-14T08:35:31","guid":{"rendered":"https:\/\/www.egemtv.com\/?p=67766"},"modified":"2025-11-14T11:35:32","modified_gmt":"2025-11-14T08:35:32","slug":"kutahyada-yogun-sis-ulasimi-olumsuz-etkiledi","status":"publish","type":"post","link":"https:\/\/www.egemtv.com\/?p=67766","title":{"rendered":"K\u00fctahya\u2019da yo\u011fun sis ula\u015f\u0131m\u0131 olumsuz etkiledi"},"content":{"rendered":"<p>K\u00fctahya merkez ve il\u00e7elerinde sabah\u0131n erken saatlerinden itibaren etkili olan yo\u011fun sis, ula\u015f\u0131mda aksamalara neden oldu. Kent genelinde gece ba\u015flayan ve g\u00fcn\u00fcn ilk \u0131\u015f\u0131klar\u0131yla birlikte \u015fiddetini art\u0131ran sis, \u00f6zellikle y\u00fcksek kesimlerde ve il merkezindeki yollar\u0131nda g\u00f6r\u00fc\u015f mesafesini d\u00fc\u015f\u00fcrd\u00fc.<br \/>\n<br \/>Sabah i\u015fe gitmek i\u00e7in yola \u00e7\u0131kan vatanda\u015flar ile \u015fehirleraras\u0131 yolculuk yapan s\u00fcr\u00fcc\u00fcler, yer yer 50 metreye kadar d\u00fc\u015fen g\u00f6r\u00fc\u015f mesafesi nedeniyle ilerlemekte g\u00fc\u00e7l\u00fck \u00e7ekti. K\u00fctahya merkez ile il\u00e7e ba\u011flant\u0131 yollar\u0131nda olu\u015fan yo\u011fun sisin, trafik ak\u0131\u015f\u0131n\u0131 olumsuz etkiledi\u011fi bildirildi.<br \/>\n<br \/>Trafik ekipleri, s\u00fcr\u00fcc\u00fclere sis farlar\u0131n\u0131 a\u00e7malar\u0131 ve dikkatli s\u00fcr\u00fc\u015f yapmalar\u0131 konusunda uyar\u0131larda bulundu. \u00d6te yandan, sisin olu\u015fturdu\u011fu manzaralar do\u011fa foto\u011fraf\u00e7\u0131lar\u0131na ise e\u015fsiz g\u00f6r\u00fcnt\u00fcler sunarak kentin farkl\u0131 noktalar\u0131nda kartpostall\u0131k kareler ortaya \u00e7\u0131kard\u0131.<br \/><\/p>\n","protected":false},"excerpt":{"rendered":"<p>K\u00fctahya merkez ve il\u00e7elerinde sabah\u0131n erken saatlerinden itibaren etkili olan yo\u011fun sis, ula\u015f\u0131mda aksamalara neden oldu. Kent genelinde gece ba\u015flayan ve g\u00fcn\u00fcn ilk \u0131\u015f\u0131klar\u0131yla birlikte \u015fiddetini art\u0131ran sis, \u00f6zellikle y\u00fcksek kesimlerde ve il merkezindeki yollar\u0131nda g\u00f6r\u00fc\u015f mesafesini d\u00fc\u015f\u00fcrd\u00fc. Sabah i\u015fe gitmek i\u00e7in yola \u00e7\u0131kan vatanda\u015flar ile \u015fehirleraras\u0131 yolculuk yapan s\u00fcr\u00fcc\u00fcler, yer yer 50 metreye kadar&#8230;<\/p>\n","protected":false},"author":1,"featured_media":67767,"comment_status":"open","ping_status":"open","sticky":false,"template":"","format":"standard","meta":{"_crdt_document":"","footnotes":""},"categories":[1],"tags":[],"class_list":["post-67766","post","type-post","status-publish","format-standard","has-post-thumbnail","hentry","category-guncel"],"_links":{"self":[{"href":"https:\/\/www.egemtv.com\/index.php?rest_route=\/wp\/v2\/posts\/67766","targetHints":{"allow":["GET"]}}],"collection":[{"href":"https:\/\/www.egemtv.com\/index.php?rest_route=\/wp\/v2\/posts"}],"about":[{"href":"https:\/\/www.egemtv.com\/index.php?rest_route=\/wp\/v2\/types\/post"}],"author":[{"embeddable":true,"href":"https:\/\/www.egemtv.com\/index.php?rest_route=\/wp\/v2\/users\/1"}],"replies":[{"embeddable":true,"href":"https:\/\/www.egemtv.com\/index.php?rest_route=%2Fwp%2Fv2%2Fcomments&post=67766"}],"version-history":[{"count":1,"href":"https:\/\/www.egemtv.com\/index.php?rest_route=\/wp\/v2\/posts\/67766\/revisions"}],"predecessor-version":[{"id":67768,"href":"https:\/\/www.egemtv.com\/index.php?rest_route=\/wp\/v2\/posts\/67766\/revisions\/67768"}],"wp:featuredmedia":[{"embeddable":true,"href":"https:\/\/www.egemtv.com\/index.php?rest_route=\/wp\/v2\/media\/67767"}],"wp:attachment":[{"href":"https:\/\/www.egemtv.com\/index.php?rest_route=%2Fwp%2Fv2%2Fmedia&parent=67766"}],"wp:term":[{"taxonomy":"category","embeddable":true,"href":"https:\/\/www.egemtv.com\/index.php?rest_route=%2Fwp%2Fv2%2Fcategories&post=67766"},{"taxonomy":"post_tag","embeddable":true,"href":"https:\/\/www.egemtv.com\/index.php?rest_route=%2Fwp%2Fv2%2Ftags&post=67766"}],"curies":[{"name":"wp","href":"https:\/\/api.w.org\/{rel}","templated":true}]}}