{"id":67763,"date":"2025-11-14T11:35:30","date_gmt":"2025-11-14T08:35:30","guid":{"rendered":"https:\/\/www.egemtv.com\/?p=67763"},"modified":"2025-11-14T11:35:31","modified_gmt":"2025-11-14T08:35:31","slug":"fabrika-yerleskesinde-cikan-yanginda-6-isyeri-zarar-gordu","status":"publish","type":"post","link":"https:\/\/www.egemtv.com\/?p=67763","title":{"rendered":"Fabrika yerle\u015fkesinde \u00e7\u0131kan yang\u0131nda 6 i\u015fyeri zarar g\u00f6rd\u00fc"},"content":{"rendered":"<p>Denizli\u2019de 30 i\u015fyerinin bulundu\u011fu eski fabrika yerle\u015fkesinde \u00e7\u0131kan yang\u0131nda korku dolu anlar ya\u015fand\u0131. Tekstil, marangoz, mobilya ve cam imalathanelerinin bulundu\u011fu i\u015fyerlerindeki yang\u0131na \u00e7ok say\u0131da itfaiye ekibiyle m\u00fcdahale edilirken, ilk belirlemelere g\u00f6re 6 d\u00fckkan zarar g\u00f6rd\u00fc.<\/p>\n<p>Yang\u0131n, Pamukkale il\u00e7esi Asmal\u0131evler Mahallesi Eski Ac\u0131payam Yolu Caddesinde bulunan Emsan eski fabrika yerle\u015fkesinde meydana geldi. Edinilen bilgilere g\u00f6re;  tekstil, marangoz, mobilya ve cam imalathanelerinden olu\u015fan 30 i\u015fyerinin bulundu\u011fu eski fabrika yerle\u015fkesinde gece ilerleyen saatlerde hen\u00fcz bilinmeyenden bir nedenle yang\u0131n \u00e7\u0131kt\u0131. Fabrikan\u0131n i\u00e7inde bulunan i\u015fletmelerden birisinde ba\u015flayan yang\u0131n, k\u0131sa s\u00fcrede fabrika yerle\u015fkesinde bulunan 3 bloktan birisindeki i\u015fyerlerine yay\u0131ld\u0131. Yerle\u015fkeden y\u00fckselen alev ve dumanlar\u0131 fark eden \u00e7evredeki vatanda\u015flar\u0131n ihbar\u0131 \u00fczerine b\u00f6lgeye \u00e7ok say\u0131da itfaiye, sa\u011fl\u0131k ve polis ekipleri sevk edildi.<\/p>\n<p>Yang\u0131n\u0131n di\u011fer bloklara s\u0131\u00e7ramamas\u0131 i\u00e7in b\u00fcy\u00fck \u00e7aba harcand\u0131<br \/>\n<br \/>K\u0131sa s\u00fcrede b\u00f6lgeye gelen itfaiye ekipleri, fabrika yerle\u015fkesi i\u00e7inde meydana gelen yang\u0131n\u0131 s\u00f6nd\u00fcrmek i\u00e7in \u00e7al\u0131\u015fma ba\u015flatt\u0131. Bir taraftan yang\u0131n\u0131n kontrol alt\u0131na almak i\u00e7in m\u00fccadele veren itfaiye ekipleri, di\u011fer taraftan ise alevlerin di\u011fer iki blo\u011fa ula\u015fmamas\u0131 i\u00e7in b\u00fcy\u00fck bir m\u00fccadele verdi. Yang\u0131n\u0131 s\u00f6nd\u00fcrme \u00e7al\u0131\u015fmalar\u0131 esnas\u0131ndan bir itfaiye personeli dumandan etkilendi. Sa\u011fl\u0131k ekipleri olay yerinde yap\u0131lan ilk m\u00fcdahalenin ard\u0131ndan, itfaiye erini kontrol ama\u00e7l\u0131 ambulans ile hastaneye sevk etti.<\/p>\n<p>Yakla\u015f\u0131k 3 saatlik yo\u011fun \u00e7al\u0131\u015fmalar\u0131n ard\u0131ndan yang\u0131n kontrol alt\u0131na al\u0131nd\u0131. So\u011futma \u00e7al\u0131\u015fmalar\u0131 halen devam eden fabrika yerle\u015fkesinde yap\u0131lan ilk de\u011ferlendirmelere g\u00f6re 6 i\u015fyerinin kullan\u0131lamaz hale geldi\u011fi \u00f6\u011frenildi. Yang\u0131nla ilgili soru\u015fturma ba\u015flat\u0131ld\u0131.<\/p>\n<p>1999 y\u0131l\u0131nda kapat\u0131lm\u0131\u015ft\u0131<br \/>\n<br \/>Denizli\u2019nin Pamukkale il\u00e7esi Asmal\u0131evler Mahallesi\u2019nde bulunan ve 1972 y\u0131l\u0131nda 5 i\u015f adam\u0131 taraf\u0131ndan Kayhan\u2019da kurulan eski Emsan Fabrikas\u0131, 1994 ekonomik krizinde d\u00f6viz bazl\u0131 kredi bor\u00e7lar\u0131 nedeniyle zora girince 1999\u2019a kadar \u00fcretime devam edip kapat\u0131lm\u0131\u015ft\u0131. Daha sonra fabrika yerle\u015fkesindeki i\u015fyerleri tekstil, marangoz, mobilya ve cam i\u015fletmecilerine kiralanm\u0131\u015ft\u0131.<br \/><\/p>\n","protected":false},"excerpt":{"rendered":"<p>Denizli\u2019de 30 i\u015fyerinin bulundu\u011fu eski fabrika yerle\u015fkesinde \u00e7\u0131kan yang\u0131nda korku dolu anlar ya\u015fand\u0131. Tekstil, marangoz, mobilya ve cam imalathanelerinin bulundu\u011fu i\u015fyerlerindeki yang\u0131na \u00e7ok say\u0131da itfaiye ekibiyle m\u00fcdahale edilirken, ilk belirlemelere g\u00f6re 6 d\u00fckkan zarar g\u00f6rd\u00fc. Yang\u0131n, Pamukkale il\u00e7esi Asmal\u0131evler Mahallesi Eski Ac\u0131payam Yolu Caddesinde bulunan Emsan eski fabrika yerle\u015fkesinde meydana geldi. Edinilen bilgilere g\u00f6re; tekstil,&#8230;<\/p>\n","protected":false},"author":1,"featured_media":67764,"comment_status":"open","ping_status":"open","sticky":false,"template":"","format":"standard","meta":{"_crdt_document":"","footnotes":""},"categories":[5],"tags":[],"class_list":["post-67763","post","type-post","status-publish","format-standard","has-post-thumbnail","hentry","category-asayis"],"_links":{"self":[{"href":"https:\/\/www.egemtv.com\/index.php?rest_route=\/wp\/v2\/posts\/67763","targetHints":{"allow":["GET"]}}],"collection":[{"href":"https:\/\/www.egemtv.com\/index.php?rest_route=\/wp\/v2\/posts"}],"about":[{"href":"https:\/\/www.egemtv.com\/index.php?rest_route=\/wp\/v2\/types\/post"}],"author":[{"embeddable":true,"href":"https:\/\/www.egemtv.com\/index.php?rest_route=\/wp\/v2\/users\/1"}],"replies":[{"embeddable":true,"href":"https:\/\/www.egemtv.com\/index.php?rest_route=%2Fwp%2Fv2%2Fcomments&post=67763"}],"version-history":[{"count":1,"href":"https:\/\/www.egemtv.com\/index.php?rest_route=\/wp\/v2\/posts\/67763\/revisions"}],"predecessor-version":[{"id":67765,"href":"https:\/\/www.egemtv.com\/index.php?rest_route=\/wp\/v2\/posts\/67763\/revisions\/67765"}],"wp:featuredmedia":[{"embeddable":true,"href":"https:\/\/www.egemtv.com\/index.php?rest_route=\/wp\/v2\/media\/67764"}],"wp:attachment":[{"href":"https:\/\/www.egemtv.com\/index.php?rest_route=%2Fwp%2Fv2%2Fmedia&parent=67763"}],"wp:term":[{"taxonomy":"category","embeddable":true,"href":"https:\/\/www.egemtv.com\/index.php?rest_route=%2Fwp%2Fv2%2Fcategories&post=67763"},{"taxonomy":"post_tag","embeddable":true,"href":"https:\/\/www.egemtv.com\/index.php?rest_route=%2Fwp%2Fv2%2Ftags&post=67763"}],"curies":[{"name":"wp","href":"https:\/\/api.w.org\/{rel}","templated":true}]}}