{"id":67760,"date":"2025-11-14T11:35:29","date_gmt":"2025-11-14T08:35:29","guid":{"rendered":"https:\/\/www.egemtv.com\/?p=67760"},"modified":"2025-11-14T11:35:30","modified_gmt":"2025-11-14T08:35:30","slug":"aydinda-basketbol-hakemligi-icin-surec-basladi","status":"publish","type":"post","link":"https:\/\/www.egemtv.com\/?p=67760","title":{"rendered":"Ayd\u0131n\u2019da basketbol hakemli\u011fi i\u00e7in s\u00fcre\u00e7 ba\u015flad\u0131"},"content":{"rendered":"<p>Ayd\u0131n Gen\u00e7lik ve Spor \u0130l M\u00fcd\u00fcrl\u00fc\u011f\u00fc taraf\u0131ndan d\u00fczenlenecek Basketbol Aday Hakem ve Masa G\u00f6revlisi Kursu i\u00e7in ba\u015fvuru s\u00fcreci ba\u015flad\u0131.<\/p>\n<p>\u00dccretsiz olarak ger\u00e7ekle\u015ftirilecek kurs, 24-27 Kas\u0131m 2025 tarihleri aras\u0131nda G\u00fczelhisar Yurt M\u00fcd\u00fcrl\u00fc\u011f\u00fc Konferans Salonu\u2019nda yap\u0131lacak. Ba\u015fvurular\u0131n 21 Kas\u0131m 2025 tarihine kadar kabul edilece\u011fi kursa, masa g\u00f6revlileri i\u00e7in 17 ya\u015f\u0131n\u0131 doldurma \u015fart\u0131 aran\u0131rken, hakem adaylar\u0131nda 18-30 ya\u015f aral\u0131\u011f\u0131 ile en az lise mezunu olma kriteri bulunuyor. \u00d6te yandan adaylar\u0131n sa\u011fl\u0131k durumlar\u0131n\u0131n hakemli\u011fe uygun oldu\u011funu raporla belgelemeleri, y\u00fcz k\u0131zart\u0131c\u0131 su\u00e7tan h\u00fck\u00fcm giymemi\u015f olmalar\u0131 ve Spor Hizmetleri Genel M\u00fcd\u00fcrl\u00fc\u011f\u00fc ile T\u00fcrkiye Basketbol Federasyonu\u2019ndan 6 ay veya daha uzun s\u00fcreli ceza almam\u0131\u015f olmalar\u0131 \u015fartlar\u0131 aran\u0131yor.<\/p>\n<p>Ayd\u0131n Gen\u00e7lik ve Spor M\u00fcd\u00fcrl\u00fc\u011f\u00fc\u2019nden yap\u0131lan a\u00e7\u0131klamada, ba\u015fvuru dosyas\u0131nda dilek\u00e7e, kimlik fotokopisi, \u00f6\u011frenci veya mezuniyet belgesi, sab\u0131ka kayd\u0131, vesikal\u0131k foto\u011fraf, sa\u011fl\u0131k raporu, ikametgah belgesi ve Gen\u00e7lik ve Spor \u0130l M\u00fcd\u00fcrl\u00fc\u011f\u00fc\u2019nden al\u0131nacak ceza almad\u0131\u011f\u0131na dair belgenin yer almas\u0131 gerekiyor. Ba\u015fvurular, Gen\u00e7lik ve Spor \u0130l M\u00fcd\u00fcrl\u00fc\u011f\u00fc Spor Faaliyetleri Birimi\u2019ne \u015fahsen yap\u0131lacak olup, kursa kat\u0131lmak isteyen gen\u00e7ler hem basketbolun i\u00e7inde yer alma hem de hakemlik kariyerine ad\u0131m atma \u015fans\u0131 bulacak.<br \/><\/p>\n","protected":false},"excerpt":{"rendered":"<p>Ayd\u0131n Gen\u00e7lik ve Spor \u0130l M\u00fcd\u00fcrl\u00fc\u011f\u00fc taraf\u0131ndan d\u00fczenlenecek Basketbol Aday Hakem ve Masa G\u00f6revlisi Kursu i\u00e7in ba\u015fvuru s\u00fcreci ba\u015flad\u0131. \u00dccretsiz olarak ger\u00e7ekle\u015ftirilecek kurs, 24-27 Kas\u0131m 2025 tarihleri aras\u0131nda G\u00fczelhisar Yurt M\u00fcd\u00fcrl\u00fc\u011f\u00fc Konferans Salonu\u2019nda yap\u0131lacak. Ba\u015fvurular\u0131n 21 Kas\u0131m 2025 tarihine kadar kabul edilece\u011fi kursa, masa g\u00f6revlileri i\u00e7in 17 ya\u015f\u0131n\u0131 doldurma \u015fart\u0131 aran\u0131rken, hakem adaylar\u0131nda 18-30 ya\u015f&#8230;<\/p>\n","protected":false},"author":1,"featured_media":67761,"comment_status":"open","ping_status":"open","sticky":false,"template":"","format":"standard","meta":{"_crdt_document":"","footnotes":""},"categories":[4],"tags":[],"class_list":["post-67760","post","type-post","status-publish","format-standard","has-post-thumbnail","hentry","category-spor"],"_links":{"self":[{"href":"https:\/\/www.egemtv.com\/index.php?rest_route=\/wp\/v2\/posts\/67760","targetHints":{"allow":["GET"]}}],"collection":[{"href":"https:\/\/www.egemtv.com\/index.php?rest_route=\/wp\/v2\/posts"}],"about":[{"href":"https:\/\/www.egemtv.com\/index.php?rest_route=\/wp\/v2\/types\/post"}],"author":[{"embeddable":true,"href":"https:\/\/www.egemtv.com\/index.php?rest_route=\/wp\/v2\/users\/1"}],"replies":[{"embeddable":true,"href":"https:\/\/www.egemtv.com\/index.php?rest_route=%2Fwp%2Fv2%2Fcomments&post=67760"}],"version-history":[{"count":1,"href":"https:\/\/www.egemtv.com\/index.php?rest_route=\/wp\/v2\/posts\/67760\/revisions"}],"predecessor-version":[{"id":67762,"href":"https:\/\/www.egemtv.com\/index.php?rest_route=\/wp\/v2\/posts\/67760\/revisions\/67762"}],"wp:featuredmedia":[{"embeddable":true,"href":"https:\/\/www.egemtv.com\/index.php?rest_route=\/wp\/v2\/media\/67761"}],"wp:attachment":[{"href":"https:\/\/www.egemtv.com\/index.php?rest_route=%2Fwp%2Fv2%2Fmedia&parent=67760"}],"wp:term":[{"taxonomy":"category","embeddable":true,"href":"https:\/\/www.egemtv.com\/index.php?rest_route=%2Fwp%2Fv2%2Fcategories&post=67760"},{"taxonomy":"post_tag","embeddable":true,"href":"https:\/\/www.egemtv.com\/index.php?rest_route=%2Fwp%2Fv2%2Ftags&post=67760"}],"curies":[{"name":"wp","href":"https:\/\/api.w.org\/{rel}","templated":true}]}}