{"id":67757,"date":"2025-11-14T11:14:57","date_gmt":"2025-11-14T08:14:57","guid":{"rendered":"https:\/\/www.egemtv.com\/?p=67757"},"modified":"2025-11-14T11:14:58","modified_gmt":"2025-11-14T08:14:58","slug":"saphane-ve-pazarlar-ilce-tarim-personeline-cig-sut-sagim-hijyeni-konulu-egitim","status":"publish","type":"post","link":"https:\/\/www.egemtv.com\/?p=67757","title":{"rendered":"\u015eaphane ve Pazarlar \u0130l\u00e7e Tar\u0131m personeline, &#8220;\u00c7i\u011f s\u00fct sa\u011f\u0131m hijyeni&#8221; konulu e\u011fitim"},"content":{"rendered":"<p>\u015eaphane ve Pazarlar \u0130l\u00e7e Tar\u0131m ve Orman M\u00fcd\u00fcrl\u00fcklerinde g\u00f6revli personele, &#8220;\u00c7i\u011f s\u00fct sa\u011f\u0131m hijyeni&#8221; konulu e\u011fitim verildi\u011fi bildirildi.<br \/>\n<br \/>K\u00fctahya \u0130l Tar\u0131m ve Orman M\u00fcd\u00fcrl\u00fc\u011f\u00fc S\u00fct Kay\u0131t Sistemi y\u00f6neticisi taraf\u0131ndan \u015eaphane ve Pazarlar \u0130l\u00e7e Tar\u0131m ve Orman M\u00fcd\u00fcrl\u00fcklerinde g\u00f6revli personele, \u00e7i\u011f inek s\u00fct\u00fcn\u00fcn s\u0131n\u0131fland\u0131r\u0131lmas\u0131 ve kalite kriterleri, \u00e7i\u011f s\u00fct deste\u011fi ve s\u00fct piyasas\u0131n\u0131n d\u00fczenlenmesine ili\u015fkin mevzuat, yeni destekleme senaryosu, s\u00f6zle\u015fmeli \u00fcretim, s\u00fct\u00fcn kalitesi ve hayvan \u0131slah\u0131 konular\u0131nda e\u011fitimler verildi.<br \/><\/p>\n","protected":false},"excerpt":{"rendered":"<p>\u015eaphane ve Pazarlar \u0130l\u00e7e Tar\u0131m ve Orman M\u00fcd\u00fcrl\u00fcklerinde g\u00f6revli personele, &#8220;\u00c7i\u011f s\u00fct sa\u011f\u0131m hijyeni&#8221; konulu e\u011fitim verildi\u011fi bildirildi. K\u00fctahya \u0130l Tar\u0131m ve Orman M\u00fcd\u00fcrl\u00fc\u011f\u00fc S\u00fct Kay\u0131t Sistemi y\u00f6neticisi taraf\u0131ndan \u015eaphane ve Pazarlar \u0130l\u00e7e Tar\u0131m ve Orman M\u00fcd\u00fcrl\u00fcklerinde g\u00f6revli personele, \u00e7i\u011f inek s\u00fct\u00fcn\u00fcn s\u0131n\u0131fland\u0131r\u0131lmas\u0131 ve kalite kriterleri, \u00e7i\u011f s\u00fct deste\u011fi ve s\u00fct piyasas\u0131n\u0131n d\u00fczenlenmesine ili\u015fkin mevzuat,&#8230;<\/p>\n","protected":false},"author":1,"featured_media":67758,"comment_status":"open","ping_status":"open","sticky":false,"template":"","format":"standard","meta":{"_crdt_document":"","footnotes":""},"categories":[1],"tags":[],"class_list":["post-67757","post","type-post","status-publish","format-standard","has-post-thumbnail","hentry","category-guncel"],"_links":{"self":[{"href":"https:\/\/www.egemtv.com\/index.php?rest_route=\/wp\/v2\/posts\/67757","targetHints":{"allow":["GET"]}}],"collection":[{"href":"https:\/\/www.egemtv.com\/index.php?rest_route=\/wp\/v2\/posts"}],"about":[{"href":"https:\/\/www.egemtv.com\/index.php?rest_route=\/wp\/v2\/types\/post"}],"author":[{"embeddable":true,"href":"https:\/\/www.egemtv.com\/index.php?rest_route=\/wp\/v2\/users\/1"}],"replies":[{"embeddable":true,"href":"https:\/\/www.egemtv.com\/index.php?rest_route=%2Fwp%2Fv2%2Fcomments&post=67757"}],"version-history":[{"count":1,"href":"https:\/\/www.egemtv.com\/index.php?rest_route=\/wp\/v2\/posts\/67757\/revisions"}],"predecessor-version":[{"id":67759,"href":"https:\/\/www.egemtv.com\/index.php?rest_route=\/wp\/v2\/posts\/67757\/revisions\/67759"}],"wp:featuredmedia":[{"embeddable":true,"href":"https:\/\/www.egemtv.com\/index.php?rest_route=\/wp\/v2\/media\/67758"}],"wp:attachment":[{"href":"https:\/\/www.egemtv.com\/index.php?rest_route=%2Fwp%2Fv2%2Fmedia&parent=67757"}],"wp:term":[{"taxonomy":"category","embeddable":true,"href":"https:\/\/www.egemtv.com\/index.php?rest_route=%2Fwp%2Fv2%2Fcategories&post=67757"},{"taxonomy":"post_tag","embeddable":true,"href":"https:\/\/www.egemtv.com\/index.php?rest_route=%2Fwp%2Fv2%2Ftags&post=67757"}],"curies":[{"name":"wp","href":"https:\/\/api.w.org\/{rel}","templated":true}]}}