{"id":67700,"date":"2025-11-13T21:54:44","date_gmt":"2025-11-13T18:54:44","guid":{"rendered":"https:\/\/www.egemtv.com\/?p=67700"},"modified":"2025-11-13T21:54:44","modified_gmt":"2025-11-13T18:54:44","slug":"satin-aldigi-bulasik-makinesi-teshir-urunu-cikinca-magazanin-onune-atti","status":"publish","type":"post","link":"https:\/\/www.egemtv.com\/?p=67700","title":{"rendered":"Sat\u0131n ald\u0131\u011f\u0131 bula\u015f\u0131k makinesi te\u015fhir \u00fcr\u00fcn\u00fc \u00e7\u0131k\u0131nca ma\u011fazan\u0131n \u00f6n\u00fcne att\u0131"},"content":{"rendered":"<p>Ayd\u0131n\u2019\u0131n Ko\u00e7arl\u0131 il\u00e7esinde sat\u0131n ald\u0131\u011f\u0131 ma\u011fazadan kendisine te\u015fhir \u00fcr\u00fcn\u00fc g\u00f6nderildi\u011fini iddia eden bir ki\u015fi, bula\u015f\u0131k makinesini ma\u011fazan\u0131n \u00f6n\u00fcnde yere att\u0131.<br \/>\n<br \/>Ko\u00e7arl\u0131 il\u00e7esinde \u015eener Alevci isimli ki\u015fi, il\u00e7edeki bir beyaz e\u015fya ma\u011fazas\u0131ndan bula\u015f\u0131k makinesi ald\u0131. \u0130ddiaya g\u00f6re, kendisine te\u015fhir \u00fcr\u00fcn g\u00f6nderildi\u011fini g\u00f6ren Alevci, bula\u015f\u0131k makinesini alarak ma\u011fazaya gitti. Alevci, ma\u011faza yetkililerinden de\u011fi\u015fim talebine olumlu yan\u0131t alamay\u0131nca, bula\u015f\u0131k makinesini ma\u011fazan\u0131n \u00f6n\u00fcnde yere \u00e7arparak ya\u015fanan duruma tepki g\u00f6sterdi.<br \/>\n<br \/>Alevci, sosyal medya hesab\u0131ndan olay\u0131 payla\u015farak, &#8220;Ma\u011fazadan d\u00fcn bula\u015f\u0131k makinesi ald\u0131m. \u2019Bize te\u015fhir mi s\u0131f\u0131r m\u0131 g\u00f6ndereceksin\u2019 diyerek \u0131srarla sordu\u011fumda \u2019sana te\u015fhir de\u011fil s\u0131f\u0131r kutuda g\u00f6nderece\u011fim, ben te\u015fhiri g\u00f6nderip burada niye s\u0131f\u0131r kutu tekrar a\u00e7ay\u0131m\u2019 diyen bir ma\u011faza, bug\u00fcn te\u015fhir \u00fcr\u00fcn g\u00f6ndermi\u015f. \u0130ade etmek istedi\u011fimizde zorluk \u00e7\u0131k\u0131nca, i\u015fte sonucu&#8221; ifadelerine yer verdi.<br \/><\/p>\n","protected":false},"excerpt":{"rendered":"<p>Ayd\u0131n\u2019\u0131n Ko\u00e7arl\u0131 il\u00e7esinde sat\u0131n ald\u0131\u011f\u0131 ma\u011fazadan kendisine te\u015fhir \u00fcr\u00fcn\u00fc g\u00f6nderildi\u011fini iddia eden bir ki\u015fi, bula\u015f\u0131k makinesini ma\u011fazan\u0131n \u00f6n\u00fcnde yere att\u0131. Ko\u00e7arl\u0131 il\u00e7esinde \u015eener Alevci isimli ki\u015fi, il\u00e7edeki bir beyaz e\u015fya ma\u011fazas\u0131ndan bula\u015f\u0131k makinesi ald\u0131. \u0130ddiaya g\u00f6re, kendisine te\u015fhir \u00fcr\u00fcn g\u00f6nderildi\u011fini g\u00f6ren Alevci, bula\u015f\u0131k makinesini alarak ma\u011fazaya gitti. Alevci, ma\u011faza yetkililerinden de\u011fi\u015fim talebine olumlu yan\u0131t alamay\u0131nca,&#8230;<\/p>\n","protected":false},"author":1,"featured_media":67701,"comment_status":"open","ping_status":"open","sticky":false,"template":"","format":"standard","meta":{"_crdt_document":"","footnotes":""},"categories":[5],"tags":[],"class_list":["post-67700","post","type-post","status-publish","format-standard","has-post-thumbnail","hentry","category-asayis"],"_links":{"self":[{"href":"https:\/\/www.egemtv.com\/index.php?rest_route=\/wp\/v2\/posts\/67700","targetHints":{"allow":["GET"]}}],"collection":[{"href":"https:\/\/www.egemtv.com\/index.php?rest_route=\/wp\/v2\/posts"}],"about":[{"href":"https:\/\/www.egemtv.com\/index.php?rest_route=\/wp\/v2\/types\/post"}],"author":[{"embeddable":true,"href":"https:\/\/www.egemtv.com\/index.php?rest_route=\/wp\/v2\/users\/1"}],"replies":[{"embeddable":true,"href":"https:\/\/www.egemtv.com\/index.php?rest_route=%2Fwp%2Fv2%2Fcomments&post=67700"}],"version-history":[{"count":1,"href":"https:\/\/www.egemtv.com\/index.php?rest_route=\/wp\/v2\/posts\/67700\/revisions"}],"predecessor-version":[{"id":67702,"href":"https:\/\/www.egemtv.com\/index.php?rest_route=\/wp\/v2\/posts\/67700\/revisions\/67702"}],"wp:featuredmedia":[{"embeddable":true,"href":"https:\/\/www.egemtv.com\/index.php?rest_route=\/wp\/v2\/media\/67701"}],"wp:attachment":[{"href":"https:\/\/www.egemtv.com\/index.php?rest_route=%2Fwp%2Fv2%2Fmedia&parent=67700"}],"wp:term":[{"taxonomy":"category","embeddable":true,"href":"https:\/\/www.egemtv.com\/index.php?rest_route=%2Fwp%2Fv2%2Fcategories&post=67700"},{"taxonomy":"post_tag","embeddable":true,"href":"https:\/\/www.egemtv.com\/index.php?rest_route=%2Fwp%2Fv2%2Ftags&post=67700"}],"curies":[{"name":"wp","href":"https:\/\/api.w.org\/{rel}","templated":true}]}}