{"id":67697,"date":"2025-11-13T20:14:41","date_gmt":"2025-11-13T17:14:41","guid":{"rendered":"https:\/\/www.egemtv.com\/?p=67697"},"modified":"2025-11-13T20:14:42","modified_gmt":"2025-11-13T17:14:42","slug":"kent-estetigini-bozan-yazilar-ve-resimler-belediye-ekiplerince-temizleniyor","status":"publish","type":"post","link":"https:\/\/www.egemtv.com\/?p=67697","title":{"rendered":"Kent esteti\u011fini bozan yaz\u0131lar ve resimler belediye ekiplerince temizleniyor"},"content":{"rendered":"<p>Mu\u011fla\u2019n\u0131n Bodrum il\u00e7esinde \u00e7evre d\u00fczeni ve estetik g\u00f6r\u00fcn\u00fcm\u00fcn korunmas\u0131 amac\u0131yla yap\u0131lan \u00e7al\u0131\u015fmalar kapsam\u0131nda son 6 ayda 29 duvar yaz\u0131s\u0131 silindi.<\/p>\n<p>Bodrum Belediyesi Destek Hizmetleri M\u00fcd\u00fcrl\u00fc\u011f\u00fc, ortak ya\u015fam alanlar\u0131n\u0131n daha temiz ve daha d\u00fczenli olmas\u0131 i\u00e7in \u00e7al\u0131\u015fmalar\u0131n\u0131 aral\u0131ks\u0131z s\u00fcrd\u00fcr\u00fcyor. Destek Hizmetleri M\u00fcd\u00fcrl\u00fc\u011f\u00fc\u2019ne ba\u011fl\u0131 Boya Badana Birimi taraf\u0131ndan kent genelinde \u00e7evre d\u00fczeni ve estetik g\u00f6r\u00fcn\u00fcm\u00fcn korunmas\u0131 amac\u0131yla \u00e7al\u0131\u015fmalar ger\u00e7ekle\u015ftiriliyor. \u0130l\u00e7e genelindeki park, duvar, kamu binalar\u0131 gibi alanlara yap\u0131lan resimler, yaz\u0131lar, karalamalar ve boyamalar belediye ekipleri taraf\u0131ndan temizleniyor. Yeniden boyanarak d\u00fczenli bir g\u00f6r\u00fcn\u00fcme kavu\u015fturulan alanlar kent esteti\u011fine uygun hale getiriliyor. \u00c7al\u0131\u015fmalar kapsam\u0131nda son 6 ay i\u00e7erisinde 29 duvar yaz\u0131s\u0131 silindi. Belediye ekipleri, daha d\u00fczenli, temiz ve s\u00fcrd\u00fcr\u00fclebilir kent ya\u015fam\u0131 i\u00e7in \u00e7al\u0131\u015fmalar\u0131na devam edecek.<\/p>\n<p>Kent sakinlerinden kamuya ait alanlara yaz\u0131 yazmamalar\u0131, boyama veya kaz\u0131ma i\u015flemleri yapmamalar\u0131n\u0131 rica eden Bodrum Belediye Ba\u015fkan\u0131 Tamer Mandalinci; &#8220;Kamusal alanlara yap\u0131lan, Bodrum\u2019un esteti\u011fine uymayan yaz\u0131 ve resimler hem \u00e7evre kirlili\u011fine yol a\u00e7\u0131yor hem de kamu mal\u0131na zarar veriyor. Vatanda\u015flar\u0131m\u0131zdan ricam\u0131z bu konuda hassasiyet g\u00f6stermeleridir. Hep birlikte daha g\u00fczel ve daha ya\u015fan\u0131labilir bir Bodrum i\u00e7in \u00e7evremizi koruyal\u0131m&#8221; dedi.<br \/><\/p>\n","protected":false},"excerpt":{"rendered":"<p>Mu\u011fla\u2019n\u0131n Bodrum il\u00e7esinde \u00e7evre d\u00fczeni ve estetik g\u00f6r\u00fcn\u00fcm\u00fcn korunmas\u0131 amac\u0131yla yap\u0131lan \u00e7al\u0131\u015fmalar kapsam\u0131nda son 6 ayda 29 duvar yaz\u0131s\u0131 silindi. Bodrum Belediyesi Destek Hizmetleri M\u00fcd\u00fcrl\u00fc\u011f\u00fc, ortak ya\u015fam alanlar\u0131n\u0131n daha temiz ve daha d\u00fczenli olmas\u0131 i\u00e7in \u00e7al\u0131\u015fmalar\u0131n\u0131 aral\u0131ks\u0131z s\u00fcrd\u00fcr\u00fcyor. Destek Hizmetleri M\u00fcd\u00fcrl\u00fc\u011f\u00fc\u2019ne ba\u011fl\u0131 Boya Badana Birimi taraf\u0131ndan kent genelinde \u00e7evre d\u00fczeni ve estetik g\u00f6r\u00fcn\u00fcm\u00fcn korunmas\u0131 amac\u0131yla&#8230;<\/p>\n","protected":false},"author":1,"featured_media":67698,"comment_status":"open","ping_status":"open","sticky":false,"template":"","format":"standard","meta":{"_crdt_document":"","footnotes":""},"categories":[1],"tags":[],"class_list":["post-67697","post","type-post","status-publish","format-standard","has-post-thumbnail","hentry","category-guncel"],"_links":{"self":[{"href":"https:\/\/www.egemtv.com\/index.php?rest_route=\/wp\/v2\/posts\/67697","targetHints":{"allow":["GET"]}}],"collection":[{"href":"https:\/\/www.egemtv.com\/index.php?rest_route=\/wp\/v2\/posts"}],"about":[{"href":"https:\/\/www.egemtv.com\/index.php?rest_route=\/wp\/v2\/types\/post"}],"author":[{"embeddable":true,"href":"https:\/\/www.egemtv.com\/index.php?rest_route=\/wp\/v2\/users\/1"}],"replies":[{"embeddable":true,"href":"https:\/\/www.egemtv.com\/index.php?rest_route=%2Fwp%2Fv2%2Fcomments&post=67697"}],"version-history":[{"count":1,"href":"https:\/\/www.egemtv.com\/index.php?rest_route=\/wp\/v2\/posts\/67697\/revisions"}],"predecessor-version":[{"id":67699,"href":"https:\/\/www.egemtv.com\/index.php?rest_route=\/wp\/v2\/posts\/67697\/revisions\/67699"}],"wp:featuredmedia":[{"embeddable":true,"href":"https:\/\/www.egemtv.com\/index.php?rest_route=\/wp\/v2\/media\/67698"}],"wp:attachment":[{"href":"https:\/\/www.egemtv.com\/index.php?rest_route=%2Fwp%2Fv2%2Fmedia&parent=67697"}],"wp:term":[{"taxonomy":"category","embeddable":true,"href":"https:\/\/www.egemtv.com\/index.php?rest_route=%2Fwp%2Fv2%2Fcategories&post=67697"},{"taxonomy":"post_tag","embeddable":true,"href":"https:\/\/www.egemtv.com\/index.php?rest_route=%2Fwp%2Fv2%2Ftags&post=67697"}],"curies":[{"name":"wp","href":"https:\/\/api.w.org\/{rel}","templated":true}]}}