{"id":67694,"date":"2025-11-13T19:14:40","date_gmt":"2025-11-13T16:14:40","guid":{"rendered":"https:\/\/www.egemtv.com\/?p=67694"},"modified":"2025-11-13T19:14:41","modified_gmt":"2025-11-13T16:14:41","slug":"kutahyada-trafik-kazasi-7-yarali-2","status":"publish","type":"post","link":"https:\/\/www.egemtv.com\/?p=67694","title":{"rendered":"K\u00fctahya\u2019da trafik kazas\u0131: 7 yaral\u0131"},"content":{"rendered":"<p>K\u00fctahya\u2019n\u0131n Tav\u015fanl\u0131 il\u00e7esinde meydana gelen trafik kazas\u0131nda 7 ki\u015fi yaraland\u0131.<br \/>\n<br \/>Edinilen bilgilere g\u00f6re kaza, Tav\u015fanl\u0131-Tun\u00e7bilek karayolu Kayaras\u0131k\u00f6y\u00fc kav\u015fa\u011f\u0131nda meydana geldi. Al\u0131nan bigiye g\u00f6re, Tun\u00e7bilek istikametinden Tav\u015fanl\u0131 istikametine seyir halinde olan F.K. (27) idaresindeki 16 PL 936 plakal\u0131 hafif ticari ara\u00e7, kav\u015fa\u011fa geldi\u011fi esnada s\u00fcr\u00fcc\u00fcs\u00fcn\u00fcn direksiyon hakimiyetini kaybetmesi sonucu yoldan \u00e7\u0131karak takla att\u0131. \u0130hbar \u00fczerine olay yerine ambulans, itfaiye ve polis ekipleri sevk edildi. Kazada s\u00fcr\u00fcc\u00fc F.K. ve otomobilde yolcu olarak bulunan \u00d6.S.K. (7), S.K. (8), M.E.K. (6), S.K. (27), N.G. (62) ve C.H. (19) yaraland\u0131. Yaral\u0131lar, ambulansla Tav\u015fanl\u0131 Do\u00e7. Dr.  Mustafa Kalemli Devlet Hastanesine kald\u0131r\u0131larak tedavi alt\u0131na al\u0131nd\u0131. Kazayla ilgili inceleme ba\u015flat\u0131ld\u0131.<br \/><\/p>\n","protected":false},"excerpt":{"rendered":"<p>K\u00fctahya\u2019n\u0131n Tav\u015fanl\u0131 il\u00e7esinde meydana gelen trafik kazas\u0131nda 7 ki\u015fi yaraland\u0131. Edinilen bilgilere g\u00f6re kaza, Tav\u015fanl\u0131-Tun\u00e7bilek karayolu Kayaras\u0131k\u00f6y\u00fc kav\u015fa\u011f\u0131nda meydana geldi. Al\u0131nan bigiye g\u00f6re, Tun\u00e7bilek istikametinden Tav\u015fanl\u0131 istikametine seyir halinde olan F.K. (27) idaresindeki 16 PL 936 plakal\u0131 hafif ticari ara\u00e7, kav\u015fa\u011fa geldi\u011fi esnada s\u00fcr\u00fcc\u00fcs\u00fcn\u00fcn direksiyon hakimiyetini kaybetmesi sonucu yoldan \u00e7\u0131karak takla att\u0131. \u0130hbar \u00fczerine olay&#8230;<\/p>\n","protected":false},"author":1,"featured_media":67695,"comment_status":"open","ping_status":"open","sticky":false,"template":"","format":"standard","meta":{"_crdt_document":"","footnotes":""},"categories":[5],"tags":[],"class_list":["post-67694","post","type-post","status-publish","format-standard","has-post-thumbnail","hentry","category-asayis"],"_links":{"self":[{"href":"https:\/\/www.egemtv.com\/index.php?rest_route=\/wp\/v2\/posts\/67694","targetHints":{"allow":["GET"]}}],"collection":[{"href":"https:\/\/www.egemtv.com\/index.php?rest_route=\/wp\/v2\/posts"}],"about":[{"href":"https:\/\/www.egemtv.com\/index.php?rest_route=\/wp\/v2\/types\/post"}],"author":[{"embeddable":true,"href":"https:\/\/www.egemtv.com\/index.php?rest_route=\/wp\/v2\/users\/1"}],"replies":[{"embeddable":true,"href":"https:\/\/www.egemtv.com\/index.php?rest_route=%2Fwp%2Fv2%2Fcomments&post=67694"}],"version-history":[{"count":1,"href":"https:\/\/www.egemtv.com\/index.php?rest_route=\/wp\/v2\/posts\/67694\/revisions"}],"predecessor-version":[{"id":67696,"href":"https:\/\/www.egemtv.com\/index.php?rest_route=\/wp\/v2\/posts\/67694\/revisions\/67696"}],"wp:featuredmedia":[{"embeddable":true,"href":"https:\/\/www.egemtv.com\/index.php?rest_route=\/wp\/v2\/media\/67695"}],"wp:attachment":[{"href":"https:\/\/www.egemtv.com\/index.php?rest_route=%2Fwp%2Fv2%2Fmedia&parent=67694"}],"wp:term":[{"taxonomy":"category","embeddable":true,"href":"https:\/\/www.egemtv.com\/index.php?rest_route=%2Fwp%2Fv2%2Fcategories&post=67694"},{"taxonomy":"post_tag","embeddable":true,"href":"https:\/\/www.egemtv.com\/index.php?rest_route=%2Fwp%2Fv2%2Ftags&post=67694"}],"curies":[{"name":"wp","href":"https:\/\/api.w.org\/{rel}","templated":true}]}}