{"id":67691,"date":"2025-11-13T18:54:39","date_gmt":"2025-11-13T15:54:39","guid":{"rendered":"https:\/\/www.egemtv.com\/?p=67691"},"modified":"2025-11-13T18:54:39","modified_gmt":"2025-11-13T15:54:39","slug":"manisada-takla-atan-otomobil-alev-aldi-surucu-yara-almadan-kurtuldu","status":"publish","type":"post","link":"https:\/\/www.egemtv.com\/?p=67691","title":{"rendered":"Manisa\u2019da takla atan otomobil alev ald\u0131: S\u00fcr\u00fcc\u00fc yara almadan kurtuldu"},"content":{"rendered":"<p>Manisa\u2019n\u0131n Salihli il\u00e7esinde s\u00fcr\u00fcc\u00fcs\u00fcn\u00fcn kontrol\u00fcnden \u00e7\u0131kan otomobil, yol kenar\u0131ndaki tarlaya u\u00e7tu. Kazan\u0131n ard\u0131ndan alev alan otomobil, itfaiye ekiplerinin m\u00fcdahalesiyle s\u00f6nd\u00fcr\u00fcl\u00fcrken, s\u00fcr\u00fcc\u00fc kazay\u0131 yara almadan atlatt\u0131.<br \/>\n<br \/>Kaza, Salihli\u2019ye ba\u011fl\u0131 Pazark\u00f6y Mahallesi Bintepeler \u00c7atlak K\u00f6pr\u00fc Mevkii\u2019nde meydana geldi. Edinilen bilgiye g\u00f6re, A.T.\u2019nin kulland\u0131\u011f\u0131 otomobil, s\u00fcr\u00fcc\u00fcs\u00fcn\u00fcn direksiyon hakimiyetini kaybetmesi sonucu kontrolden \u00e7\u0131karak takla att\u0131 ve yol kenar\u0131ndaki tarlaya u\u00e7tu.<br \/>\n<br \/>Kaza sonras\u0131 otomobil bir anda alev ald\u0131. Yang\u0131na ilk m\u00fcdahaleyi \u00e7evredeki vatanda\u015flar yaparken, ihbar \u00fczerine olay yerine Manisa B\u00fcy\u00fck\u015fehir Belediyesi \u0130tfaiye Dairesi Ba\u015fkanl\u0131\u011f\u0131na ba\u011fl\u0131 Salihli Amirli\u011fi ekipleri sevk edildi.<br \/>\n<br \/>\u0130tfaiye ekiplerinin h\u0131zl\u0131 m\u00fcdahalesiyle yang\u0131n k\u0131sa s\u00fcrede kontrol alt\u0131na al\u0131narak s\u00f6nd\u00fcr\u00fcld\u00fc. S\u00fcr\u00fcc\u00fc kazadan yara almadan kurtulurken, otomobilde maddi hasar meydana geldi.<br \/><\/p>\n","protected":false},"excerpt":{"rendered":"<p>Manisa\u2019n\u0131n Salihli il\u00e7esinde s\u00fcr\u00fcc\u00fcs\u00fcn\u00fcn kontrol\u00fcnden \u00e7\u0131kan otomobil, yol kenar\u0131ndaki tarlaya u\u00e7tu. Kazan\u0131n ard\u0131ndan alev alan otomobil, itfaiye ekiplerinin m\u00fcdahalesiyle s\u00f6nd\u00fcr\u00fcl\u00fcrken, s\u00fcr\u00fcc\u00fc kazay\u0131 yara almadan atlatt\u0131. Kaza, Salihli\u2019ye ba\u011fl\u0131 Pazark\u00f6y Mahallesi Bintepeler \u00c7atlak K\u00f6pr\u00fc Mevkii\u2019nde meydana geldi. Edinilen bilgiye g\u00f6re, A.T.\u2019nin kulland\u0131\u011f\u0131 otomobil, s\u00fcr\u00fcc\u00fcs\u00fcn\u00fcn direksiyon hakimiyetini kaybetmesi sonucu kontrolden \u00e7\u0131karak takla att\u0131 ve yol kenar\u0131ndaki tarlaya&#8230;<\/p>\n","protected":false},"author":1,"featured_media":67692,"comment_status":"open","ping_status":"open","sticky":false,"template":"","format":"standard","meta":{"_crdt_document":"","footnotes":""},"categories":[5],"tags":[],"class_list":["post-67691","post","type-post","status-publish","format-standard","has-post-thumbnail","hentry","category-asayis"],"_links":{"self":[{"href":"https:\/\/www.egemtv.com\/index.php?rest_route=\/wp\/v2\/posts\/67691","targetHints":{"allow":["GET"]}}],"collection":[{"href":"https:\/\/www.egemtv.com\/index.php?rest_route=\/wp\/v2\/posts"}],"about":[{"href":"https:\/\/www.egemtv.com\/index.php?rest_route=\/wp\/v2\/types\/post"}],"author":[{"embeddable":true,"href":"https:\/\/www.egemtv.com\/index.php?rest_route=\/wp\/v2\/users\/1"}],"replies":[{"embeddable":true,"href":"https:\/\/www.egemtv.com\/index.php?rest_route=%2Fwp%2Fv2%2Fcomments&post=67691"}],"version-history":[{"count":1,"href":"https:\/\/www.egemtv.com\/index.php?rest_route=\/wp\/v2\/posts\/67691\/revisions"}],"predecessor-version":[{"id":67693,"href":"https:\/\/www.egemtv.com\/index.php?rest_route=\/wp\/v2\/posts\/67691\/revisions\/67693"}],"wp:featuredmedia":[{"embeddable":true,"href":"https:\/\/www.egemtv.com\/index.php?rest_route=\/wp\/v2\/media\/67692"}],"wp:attachment":[{"href":"https:\/\/www.egemtv.com\/index.php?rest_route=%2Fwp%2Fv2%2Fmedia&parent=67691"}],"wp:term":[{"taxonomy":"category","embeddable":true,"href":"https:\/\/www.egemtv.com\/index.php?rest_route=%2Fwp%2Fv2%2Fcategories&post=67691"},{"taxonomy":"post_tag","embeddable":true,"href":"https:\/\/www.egemtv.com\/index.php?rest_route=%2Fwp%2Fv2%2Ftags&post=67691"}],"curies":[{"name":"wp","href":"https:\/\/api.w.org\/{rel}","templated":true}]}}