{"id":67685,"date":"2025-11-13T18:14:59","date_gmt":"2025-11-13T15:14:59","guid":{"rendered":"https:\/\/www.egemtv.com\/?p=67685"},"modified":"2025-11-13T18:15:00","modified_gmt":"2025-11-13T15:15:00","slug":"bozdoganda-arac-yuklu-tirda-yangin-araclar-kullanilamaz-hale-geldi","status":"publish","type":"post","link":"https:\/\/www.egemtv.com\/?p=67685","title":{"rendered":"Bozdo\u011fan\u2019da ara\u00e7 y\u00fckl\u00fc t\u0131rda yang\u0131n: Ara\u00e7lar kullan\u0131lamaz hale geldi"},"content":{"rendered":"<p>Ayd\u0131n\u2019\u0131n Bozdo\u011fan il\u00e7esinde \u00fczerinde ara\u00e7 y\u00fckl\u00fc t\u0131rda \u00e7\u0131kan yang\u0131n ekiplerin m\u00fcdahalesiyle s\u00f6nd\u00fcr\u00fcl\u00fcrken, t\u0131rdaki ara\u00e7lar kullan\u0131lamaz hale geldi.<br \/>\n<br \/>Olay, Bozdo\u011fan il\u00e7esi Alt\u0131nta\u015f Mahallesi yolu \u00fczerinde meydana geldi. Edinilen bilgiye g\u00f6re \u00fczerinde ara\u00e7 y\u00fckl\u00fc olan t\u0131r\u0131n dorse b\u00f6l\u00fcm\u00fcnde hen\u00fcz bilinmeyen bir nedenle yang\u0131n \u00e7\u0131kt\u0131. K\u0131sa s\u00fcrede b\u00fcy\u00fcyen yang\u0131n y\u00fckl\u00fc ara\u00e7lara s\u0131\u00e7rad\u0131. Alevleri fark eden t\u0131r s\u00fcr\u00fcc\u00fcs\u00fc, arac\u0131 yol kenar\u0131na \u00e7ekerek durumu 112 Acil \u00c7a\u011fr\u0131 Merkezi\u2019ne bildirdi. \u0130hbar \u00fczerine b\u00f6lgeye itfaiye ekipleri sevk edildi. K\u0131sa s\u00fcrede b\u00f6lgeye gelen ekipler, yang\u0131n\u0131 m\u00fcdahale ederek s\u00f6nd\u00fcrd\u00fc. Ekipler so\u011futma \u00e7al\u0131\u015fmas\u0131 ger\u00e7ekle\u015ftirirken, t\u0131rda y\u00fckl\u00fc olan ara\u00e7lar da kullan\u0131lamaz hale geldi. Yap\u0131lan ilk incelemelere g\u00f6re yang\u0131n\u0131n t\u0131r\u0131n balatalar\u0131ndan \u00e7\u0131kt\u0131\u011f\u0131 tahmin edilirken, kesin \u00e7\u0131k\u0131\u015f nedeninin belirlenmesi i\u00e7in inceleme ba\u015flat\u0131ld\u0131.<br \/><\/p>\n","protected":false},"excerpt":{"rendered":"<p>Ayd\u0131n\u2019\u0131n Bozdo\u011fan il\u00e7esinde \u00fczerinde ara\u00e7 y\u00fckl\u00fc t\u0131rda \u00e7\u0131kan yang\u0131n ekiplerin m\u00fcdahalesiyle s\u00f6nd\u00fcr\u00fcl\u00fcrken, t\u0131rdaki ara\u00e7lar kullan\u0131lamaz hale geldi. Olay, Bozdo\u011fan il\u00e7esi Alt\u0131nta\u015f Mahallesi yolu \u00fczerinde meydana geldi. Edinilen bilgiye g\u00f6re \u00fczerinde ara\u00e7 y\u00fckl\u00fc olan t\u0131r\u0131n dorse b\u00f6l\u00fcm\u00fcnde hen\u00fcz bilinmeyen bir nedenle yang\u0131n \u00e7\u0131kt\u0131. K\u0131sa s\u00fcrede b\u00fcy\u00fcyen yang\u0131n y\u00fckl\u00fc ara\u00e7lara s\u0131\u00e7rad\u0131. Alevleri fark eden t\u0131r s\u00fcr\u00fcc\u00fcs\u00fc, arac\u0131&#8230;<\/p>\n","protected":false},"author":1,"featured_media":67686,"comment_status":"open","ping_status":"open","sticky":false,"template":"","format":"standard","meta":{"_crdt_document":"","footnotes":""},"categories":[5],"tags":[],"class_list":["post-67685","post","type-post","status-publish","format-standard","has-post-thumbnail","hentry","category-asayis"],"_links":{"self":[{"href":"https:\/\/www.egemtv.com\/index.php?rest_route=\/wp\/v2\/posts\/67685","targetHints":{"allow":["GET"]}}],"collection":[{"href":"https:\/\/www.egemtv.com\/index.php?rest_route=\/wp\/v2\/posts"}],"about":[{"href":"https:\/\/www.egemtv.com\/index.php?rest_route=\/wp\/v2\/types\/post"}],"author":[{"embeddable":true,"href":"https:\/\/www.egemtv.com\/index.php?rest_route=\/wp\/v2\/users\/1"}],"replies":[{"embeddable":true,"href":"https:\/\/www.egemtv.com\/index.php?rest_route=%2Fwp%2Fv2%2Fcomments&post=67685"}],"version-history":[{"count":1,"href":"https:\/\/www.egemtv.com\/index.php?rest_route=\/wp\/v2\/posts\/67685\/revisions"}],"predecessor-version":[{"id":67687,"href":"https:\/\/www.egemtv.com\/index.php?rest_route=\/wp\/v2\/posts\/67685\/revisions\/67687"}],"wp:featuredmedia":[{"embeddable":true,"href":"https:\/\/www.egemtv.com\/index.php?rest_route=\/wp\/v2\/media\/67686"}],"wp:attachment":[{"href":"https:\/\/www.egemtv.com\/index.php?rest_route=%2Fwp%2Fv2%2Fmedia&parent=67685"}],"wp:term":[{"taxonomy":"category","embeddable":true,"href":"https:\/\/www.egemtv.com\/index.php?rest_route=%2Fwp%2Fv2%2Fcategories&post=67685"},{"taxonomy":"post_tag","embeddable":true,"href":"https:\/\/www.egemtv.com\/index.php?rest_route=%2Fwp%2Fv2%2Ftags&post=67685"}],"curies":[{"name":"wp","href":"https:\/\/api.w.org\/{rel}","templated":true}]}}