{"id":67682,"date":"2025-11-13T17:54:55","date_gmt":"2025-11-13T14:54:55","guid":{"rendered":"https:\/\/www.egemtv.com\/?p=67682"},"modified":"2025-11-13T17:54:55","modified_gmt":"2025-11-13T14:54:55","slug":"cezaevinden-izinli-cikti-silahla-basindan-vurulmus-halde-bulundu","status":"publish","type":"post","link":"https:\/\/www.egemtv.com\/?p=67682","title":{"rendered":"Cezaevinden izinli \u00e7\u0131kt\u0131, silahla ba\u015f\u0131ndan vurulmu\u015f halde bulundu"},"content":{"rendered":"<p>Ayd\u0131n\u2019\u0131n Efeler il\u00e7esinde cezaevinden izinli \u00e7\u0131kt\u0131\u011f\u0131 \u00f6\u011frenilen 35 ya\u015f\u0131ndaki \u015fah\u0131s bir bah\u00e7ede silahla ba\u015f\u0131ndan vurulmu\u015f halde bulundu.<br \/>\n<br \/>Olay, Efeler il\u00e7esinde Y\u0131lmazk\u00f6y Mahallesi\u2019nde tren yolu kenar\u0131nda saat 15.00 s\u0131ralar\u0131nda meydana geldi. Edinilen bilgiye g\u00f6re, bah\u00e7e i\u00e7erisinde bir ki\u015finin yerde hareketsiz \u015fekilde yatt\u0131\u011f\u0131n\u0131 fark eden vatanda\u015flar durumu 112 Acil \u00c7a\u011fr\u0131 Merkezi\u2019ne bildirdi. \u0130hbar \u00fczerine b\u00f6lgeye jandarma ve sa\u011fl\u0131k ekipleri sevk edildi. K\u0131sa s\u00fcrede b\u00f6lgeye gelen ekipler, \u015fahs\u0131n ba\u015f\u0131ndan vurulmu\u015f halde oldu\u011funu ve hayat\u0131n\u0131 kaybetti\u011fini belirledi. Olay yeri inceleme ekipleri b\u00f6lgede inceleme ger\u00e7ekle\u015ftirirken, \u015fahs\u0131n kimli\u011finin tespit edilmesi i\u00e7in \u00e7al\u0131\u015fma ba\u015flat\u0131ld\u0131. Yap\u0131lan \u00e7al\u0131\u015fmalar kapsam\u0131nda silahla vurulmu\u015f halde bulunan \u015fahs\u0131n, cezaevinden izinli olarak ayr\u0131lan 35 ya\u015f\u0131ndaki \u0130lhan G\u00f6kcan oldu\u011fu belirlendi. Cumhuriyet savc\u0131s\u0131n\u0131n olay yerinde yapt\u0131\u011f\u0131 incelemenin ard\u0131ndan G\u00f6kcan\u2019\u0131n cans\u0131z bedeni hastane morguna kald\u0131r\u0131ld\u0131.<br \/>\n<br \/>Olayla ilgili soru\u015fturma ba\u015flat\u0131ld\u0131.<br \/><\/p>\n","protected":false},"excerpt":{"rendered":"<p>Ayd\u0131n\u2019\u0131n Efeler il\u00e7esinde cezaevinden izinli \u00e7\u0131kt\u0131\u011f\u0131 \u00f6\u011frenilen 35 ya\u015f\u0131ndaki \u015fah\u0131s bir bah\u00e7ede silahla ba\u015f\u0131ndan vurulmu\u015f halde bulundu. Olay, Efeler il\u00e7esinde Y\u0131lmazk\u00f6y Mahallesi\u2019nde tren yolu kenar\u0131nda saat 15.00 s\u0131ralar\u0131nda meydana geldi. Edinilen bilgiye g\u00f6re, bah\u00e7e i\u00e7erisinde bir ki\u015finin yerde hareketsiz \u015fekilde yatt\u0131\u011f\u0131n\u0131 fark eden vatanda\u015flar durumu 112 Acil \u00c7a\u011fr\u0131 Merkezi\u2019ne bildirdi. \u0130hbar \u00fczerine b\u00f6lgeye jandarma ve&#8230;<\/p>\n","protected":false},"author":1,"featured_media":67683,"comment_status":"open","ping_status":"open","sticky":false,"template":"","format":"standard","meta":{"_crdt_document":"","footnotes":""},"categories":[5],"tags":[],"class_list":["post-67682","post","type-post","status-publish","format-standard","has-post-thumbnail","hentry","category-asayis"],"_links":{"self":[{"href":"https:\/\/www.egemtv.com\/index.php?rest_route=\/wp\/v2\/posts\/67682","targetHints":{"allow":["GET"]}}],"collection":[{"href":"https:\/\/www.egemtv.com\/index.php?rest_route=\/wp\/v2\/posts"}],"about":[{"href":"https:\/\/www.egemtv.com\/index.php?rest_route=\/wp\/v2\/types\/post"}],"author":[{"embeddable":true,"href":"https:\/\/www.egemtv.com\/index.php?rest_route=\/wp\/v2\/users\/1"}],"replies":[{"embeddable":true,"href":"https:\/\/www.egemtv.com\/index.php?rest_route=%2Fwp%2Fv2%2Fcomments&post=67682"}],"version-history":[{"count":1,"href":"https:\/\/www.egemtv.com\/index.php?rest_route=\/wp\/v2\/posts\/67682\/revisions"}],"predecessor-version":[{"id":67684,"href":"https:\/\/www.egemtv.com\/index.php?rest_route=\/wp\/v2\/posts\/67682\/revisions\/67684"}],"wp:featuredmedia":[{"embeddable":true,"href":"https:\/\/www.egemtv.com\/index.php?rest_route=\/wp\/v2\/media\/67683"}],"wp:attachment":[{"href":"https:\/\/www.egemtv.com\/index.php?rest_route=%2Fwp%2Fv2%2Fmedia&parent=67682"}],"wp:term":[{"taxonomy":"category","embeddable":true,"href":"https:\/\/www.egemtv.com\/index.php?rest_route=%2Fwp%2Fv2%2Fcategories&post=67682"},{"taxonomy":"post_tag","embeddable":true,"href":"https:\/\/www.egemtv.com\/index.php?rest_route=%2Fwp%2Fv2%2Ftags&post=67682"}],"curies":[{"name":"wp","href":"https:\/\/api.w.org\/{rel}","templated":true}]}}