{"id":67679,"date":"2025-11-13T17:54:54","date_gmt":"2025-11-13T14:54:54","guid":{"rendered":"https:\/\/www.egemtv.com\/?p=67679"},"modified":"2025-11-13T17:54:54","modified_gmt":"2025-11-13T14:54:54","slug":"stratonikeia-antik-kenti-sanatseverleri-agirladi","status":"publish","type":"post","link":"https:\/\/www.egemtv.com\/?p=67679","title":{"rendered":"Stratonikeia Antik Kenti sanatseverleri a\u011f\u0131rlad\u0131"},"content":{"rendered":"<p>Mu\u011fla\u2019n\u0131n Yata\u011fan il\u00e7esinde yer alan ve T\u00fcrkiye\u2019nin k\u00fclt\u00fcr turizmi a\u00e7\u0131s\u0131ndan \u00f6nemli miraslar\u0131ndan biri olan Stratonikeia Antik Kenti, il\u00e7edeki sanat odakl\u0131 etkinliklere kap\u0131lar\u0131n\u0131 bir kez daha aralad\u0131.<\/p>\n<p>K\u0131\u015f d\u00f6nemi i\u00e7in haz\u0131rlanan bir ziyaret kapsam\u0131nda, Mente\u015fe Belediyesi Resim Toplulu\u011fu antik kenti ke\u015ffetme f\u0131rsat\u0131 buldu. Ziyaret s\u0131ras\u0131nda kaz\u0131 ba\u015fkan\u0131 Prof. Dr. Bilal S\u00f6\u011f\u00fct, toplulu\u011fa ilgi ve kat\u0131l\u0131mlar\u0131 i\u00e7in te\u015fekk\u00fcrlerini iletti. Prof. Dr. S\u00f6\u011f\u00fct, &#8220;Stratonikeia Antik Kenti, farkl\u0131 d\u00f6nemlerden kesintisiz yerle\u015fime sahne olan, Helenistik, Roma, Bizans, Sel\u00e7uklu ve Osmanl\u0131 d\u00f6nemlerinden izler ta\u015f\u0131yan nadir bir k\u00fclt\u00fcrel miras\u0131m\u0131zd\u0131r. Burada sanatla ve tarih ile i\u00e7 i\u00e7e bir gezi ger\u00e7ekle\u015ftiren de\u011ferli resim toplulu\u011fumuza ve eme\u011fi ge\u00e7en herkese \u00e7ok te\u015fekk\u00fcr ediyoruz&#8221; dedi.<br \/><\/p>\n","protected":false},"excerpt":{"rendered":"<p>Mu\u011fla\u2019n\u0131n Yata\u011fan il\u00e7esinde yer alan ve T\u00fcrkiye\u2019nin k\u00fclt\u00fcr turizmi a\u00e7\u0131s\u0131ndan \u00f6nemli miraslar\u0131ndan biri olan Stratonikeia Antik Kenti, il\u00e7edeki sanat odakl\u0131 etkinliklere kap\u0131lar\u0131n\u0131 bir kez daha aralad\u0131. K\u0131\u015f d\u00f6nemi i\u00e7in haz\u0131rlanan bir ziyaret kapsam\u0131nda, Mente\u015fe Belediyesi Resim Toplulu\u011fu antik kenti ke\u015ffetme f\u0131rsat\u0131 buldu. Ziyaret s\u0131ras\u0131nda kaz\u0131 ba\u015fkan\u0131 Prof. Dr. Bilal S\u00f6\u011f\u00fct, toplulu\u011fa ilgi ve kat\u0131l\u0131mlar\u0131 i\u00e7in&#8230;<\/p>\n","protected":false},"author":1,"featured_media":67680,"comment_status":"open","ping_status":"open","sticky":false,"template":"","format":"standard","meta":{"_crdt_document":"","footnotes":""},"categories":[1],"tags":[],"class_list":["post-67679","post","type-post","status-publish","format-standard","has-post-thumbnail","hentry","category-guncel"],"_links":{"self":[{"href":"https:\/\/www.egemtv.com\/index.php?rest_route=\/wp\/v2\/posts\/67679","targetHints":{"allow":["GET"]}}],"collection":[{"href":"https:\/\/www.egemtv.com\/index.php?rest_route=\/wp\/v2\/posts"}],"about":[{"href":"https:\/\/www.egemtv.com\/index.php?rest_route=\/wp\/v2\/types\/post"}],"author":[{"embeddable":true,"href":"https:\/\/www.egemtv.com\/index.php?rest_route=\/wp\/v2\/users\/1"}],"replies":[{"embeddable":true,"href":"https:\/\/www.egemtv.com\/index.php?rest_route=%2Fwp%2Fv2%2Fcomments&post=67679"}],"version-history":[{"count":1,"href":"https:\/\/www.egemtv.com\/index.php?rest_route=\/wp\/v2\/posts\/67679\/revisions"}],"predecessor-version":[{"id":67681,"href":"https:\/\/www.egemtv.com\/index.php?rest_route=\/wp\/v2\/posts\/67679\/revisions\/67681"}],"wp:featuredmedia":[{"embeddable":true,"href":"https:\/\/www.egemtv.com\/index.php?rest_route=\/wp\/v2\/media\/67680"}],"wp:attachment":[{"href":"https:\/\/www.egemtv.com\/index.php?rest_route=%2Fwp%2Fv2%2Fmedia&parent=67679"}],"wp:term":[{"taxonomy":"category","embeddable":true,"href":"https:\/\/www.egemtv.com\/index.php?rest_route=%2Fwp%2Fv2%2Fcategories&post=67679"},{"taxonomy":"post_tag","embeddable":true,"href":"https:\/\/www.egemtv.com\/index.php?rest_route=%2Fwp%2Fv2%2Ftags&post=67679"}],"curies":[{"name":"wp","href":"https:\/\/api.w.org\/{rel}","templated":true}]}}