{"id":67676,"date":"2025-11-13T17:36:10","date_gmt":"2025-11-13T14:36:10","guid":{"rendered":"https:\/\/www.egemtv.com\/?p=67676"},"modified":"2025-11-13T17:36:11","modified_gmt":"2025-11-13T14:36:11","slug":"kasim-ayi-meclis-toplantisi-birinci-birlesimi-gerceklestirildi","status":"publish","type":"post","link":"https:\/\/www.egemtv.com\/?p=67676","title":{"rendered":"Kas\u0131m ay\u0131 meclis toplant\u0131s\u0131 birinci birle\u015fimi ger\u00e7ekle\u015ftirildi"},"content":{"rendered":"<p>Mu\u011fla B\u00fcy\u00fck\u015fehir Belediyesi Kas\u0131m ay\u0131 meclis toplant\u0131s\u0131 birinci birle\u015fimi, Mu\u011fla B\u00fcy\u00fck\u015fehir Belediye Ba\u015fkan\u0131 Ahmet Aras\u2019\u0131n ba\u015fkanl\u0131\u011f\u0131nda T\u00fcrkan Saylan \u00c7a\u011fda\u015f Ya\u015fam Merkezi\u2019nde ger\u00e7ekle\u015ftirildi.<br \/>\n<br \/>K\u0131y\u0131 Ege Belediyeler Birli\u011fi ve Mu\u011fla B\u00fcy\u00fck\u015fehir Belediye Ba\u015fkan\u0131 Ahmet Aras, Kas\u0131m ay\u0131 meclis toplant\u0131s\u0131na, Azerbaycan\u2019dan T\u00fcrkiye\u2019ye d\u00f6n\u00fc\u015f yolunda d\u00fc\u015fen askeri kargo u\u00e7a\u011f\u0131nda \u015fehit olan 20 T\u00fcrk Hava Kuvvetleri personelini anarak ve ba\u015fsa\u011fl\u0131\u011f\u0131 dileyerek ba\u015flad\u0131. \u015eehitler an\u0131s\u0131na mecliste sayg\u0131 duru\u015funun ard\u0131ndan \u0130stiklal Mar\u015f\u0131 okundu. Kas\u0131m ay\u0131 oturumunda ula\u015f\u0131mdan \u00e7evreye, imar d\u00fczenlemelerinden tar\u0131msal desteklemelere kadar kentin gelece\u011fini ilgilendiren 54 g\u00fcndem maddesi g\u00f6r\u00fc\u015f\u00fcld\u00fc.<br \/>\n<br \/>Ba\u015fkan Aras, G\u00fcll\u00fck\u2019e m\u00fcjdeyi verdi<br \/>\n<br \/>G\u00fcll\u00fck\u2019te \u00f6zel bir firma taraf\u0131ndan y\u00fcr\u00fct\u00fclen su ve kanalizasyon hizmetleri nedeniyle ya\u015fanan y\u00fcksek fatura sorununa ili\u015fkin a\u00e7\u0131klama yapan Mu\u011fla B\u00fcy\u00fck\u015fehir Belediye Ba\u015fkan\u0131 Ahmet Aras, vatanda\u015flara m\u00fcjde verdi.Ba\u015fk an Aras, &#8220;\u0130lgili firmayla yakla\u015f\u0131k 1,5 y\u0131ld\u0131r y\u00fcr\u00fctt\u00fc\u011f\u00fcm\u00fcz g\u00f6r\u00fc\u015fmelerde \u00f6nemli bir a\u015famaya geldik. Bu a\u00e7\u0131klamay\u0131 bir ba\u015flang\u0131\u00e7 m\u00fcjdesi olarak payla\u015fmak istiyorum. Konu, Plan ve B\u00fct\u00e7e Komisyonumuzun g\u00fcndemine gelecek ve burada de\u011ferlendirildikten sonra karara ba\u011flanacak. Ard\u0131ndan ilgili firmayla protokol imzalanarak s\u00fcre\u00e7 Dan\u0131\u015ftay\u2019a ta\u015f\u0131nacak. Dan\u0131\u015ftay\u2019dan gelecek karar do\u011frultusunda Milas\u2019\u0131n G\u00fcll\u00fck ve K\u0131y\u0131k\u0131\u015flac\u0131k mahallelerindeki imtiyazl\u0131 su ve kanalizasyon hizmetlerini B\u00fcy\u00fck\u015fehir Belediyemiz devralacak. Su kaynaklar\u0131 da MUSK\u0130\u2019ye ge\u00e7ecek. B\u00f6ylece, her zaman vurgulad\u0131\u011f\u0131m\u0131z gibi suda adaleti sa\u011flam\u0131\u015f olaca\u011f\u0131z&#8221; dedi.<br \/>\n<br \/>Kas\u0131m Ay\u0131 Meclis Toplant\u0131s\u0131 2\u2019nci birle\u015fimi 24 Kas\u0131m Pazartesi g\u00fcn\u00fc saat 14.00\u2019te yap\u0131lacak.<br \/><\/p>\n","protected":false},"excerpt":{"rendered":"<p>Mu\u011fla B\u00fcy\u00fck\u015fehir Belediyesi Kas\u0131m ay\u0131 meclis toplant\u0131s\u0131 birinci birle\u015fimi, Mu\u011fla B\u00fcy\u00fck\u015fehir Belediye Ba\u015fkan\u0131 Ahmet Aras\u2019\u0131n ba\u015fkanl\u0131\u011f\u0131nda T\u00fcrkan Saylan \u00c7a\u011fda\u015f Ya\u015fam Merkezi\u2019nde ger\u00e7ekle\u015ftirildi. K\u0131y\u0131 Ege Belediyeler Birli\u011fi ve Mu\u011fla B\u00fcy\u00fck\u015fehir Belediye Ba\u015fkan\u0131 Ahmet Aras, Kas\u0131m ay\u0131 meclis toplant\u0131s\u0131na, Azerbaycan\u2019dan T\u00fcrkiye\u2019ye d\u00f6n\u00fc\u015f yolunda d\u00fc\u015fen askeri kargo u\u00e7a\u011f\u0131nda \u015fehit olan 20 T\u00fcrk Hava Kuvvetleri personelini anarak ve ba\u015fsa\u011fl\u0131\u011f\u0131&#8230;<\/p>\n","protected":false},"author":1,"featured_media":67677,"comment_status":"open","ping_status":"open","sticky":false,"template":"","format":"standard","meta":{"_crdt_document":"","footnotes":""},"categories":[1],"tags":[],"class_list":["post-67676","post","type-post","status-publish","format-standard","has-post-thumbnail","hentry","category-guncel"],"_links":{"self":[{"href":"https:\/\/www.egemtv.com\/index.php?rest_route=\/wp\/v2\/posts\/67676","targetHints":{"allow":["GET"]}}],"collection":[{"href":"https:\/\/www.egemtv.com\/index.php?rest_route=\/wp\/v2\/posts"}],"about":[{"href":"https:\/\/www.egemtv.com\/index.php?rest_route=\/wp\/v2\/types\/post"}],"author":[{"embeddable":true,"href":"https:\/\/www.egemtv.com\/index.php?rest_route=\/wp\/v2\/users\/1"}],"replies":[{"embeddable":true,"href":"https:\/\/www.egemtv.com\/index.php?rest_route=%2Fwp%2Fv2%2Fcomments&post=67676"}],"version-history":[{"count":1,"href":"https:\/\/www.egemtv.com\/index.php?rest_route=\/wp\/v2\/posts\/67676\/revisions"}],"predecessor-version":[{"id":67678,"href":"https:\/\/www.egemtv.com\/index.php?rest_route=\/wp\/v2\/posts\/67676\/revisions\/67678"}],"wp:featuredmedia":[{"embeddable":true,"href":"https:\/\/www.egemtv.com\/index.php?rest_route=\/wp\/v2\/media\/67677"}],"wp:attachment":[{"href":"https:\/\/www.egemtv.com\/index.php?rest_route=%2Fwp%2Fv2%2Fmedia&parent=67676"}],"wp:term":[{"taxonomy":"category","embeddable":true,"href":"https:\/\/www.egemtv.com\/index.php?rest_route=%2Fwp%2Fv2%2Fcategories&post=67676"},{"taxonomy":"post_tag","embeddable":true,"href":"https:\/\/www.egemtv.com\/index.php?rest_route=%2Fwp%2Fv2%2Ftags&post=67676"}],"curies":[{"name":"wp","href":"https:\/\/api.w.org\/{rel}","templated":true}]}}