{"id":67670,"date":"2025-11-13T16:54:50","date_gmt":"2025-11-13T13:54:50","guid":{"rendered":"https:\/\/www.egemtv.com\/?p=67670"},"modified":"2025-11-13T16:54:50","modified_gmt":"2025-11-13T13:54:50","slug":"germencikte-calinan-hayvanlar-bulunarak-sahibine-teslim-edildi","status":"publish","type":"post","link":"https:\/\/www.egemtv.com\/?p=67670","title":{"rendered":"Germencik\u2019te \u00e7al\u0131nan hayvanlar bulunarak sahibine teslim edildi"},"content":{"rendered":"<p>Ayd\u0131n\u2019\u0131n Germencik il\u00e7esinde \u00e7al\u0131nan 14 k\u00fc\u00e7\u00fckba\u015f hayvan bulunarak sahinine teslim edilirken, olayla ilgili iki \u015f\u00fcpheli yakaland\u0131.<br \/>\n<br \/>Ayd\u0131n \u0130l Jandarma Komutanl\u0131\u011f\u0131na, 11 Kas\u0131m 2025 g\u00fcn\u00fc 14 adet k\u00fc\u00e7\u00fckba\u015f hayvan\u0131n \u00e7al\u0131nd\u0131\u011f\u0131 y\u00f6n\u00fcnde ihbar ula\u015fmas\u0131 \u00fczerine JASAT ve Germencik \u0130l\u00e7e Jandarma Komutanl\u0131\u011f\u0131 ekiplerince \u00e7al\u0131\u015fma ba\u015flat\u0131ld\u0131.<br \/>\n<br \/>Yap\u0131lan kapsaml\u0131 ara\u015ft\u0131rma ve titiz saha \u00e7al\u0131\u015fmalar\u0131 sonucunda h\u0131rs\u0131zl\u0131k olay\u0131n\u0131 ger\u00e7ekle\u015ftiren \u015f\u00fcphelilerden biri Germencik il\u00e7esinde, di\u011feri ise \u0130zmir\u2019in Menderes il\u00e7esinde yakaland\u0131. Al\u0131nan ifadeler do\u011frultusunda \u00e7al\u0131nan hayvanlar\u0131n \u0130zmir ilinde bir \u015fahsa sat\u0131ld\u0131\u011f\u0131 tespit edilirken, y\u00fcr\u00fct\u00fclen faaliyet neticesinde hayvanlar bulunarak sahibine teslim edildi. Yakalanan \u015f\u00fcpheli \u015fah\u0131slar hakk\u0131nda adli i\u015flem ba\u015flat\u0131ld\u0131.<br \/><\/p>\n","protected":false},"excerpt":{"rendered":"<p>Ayd\u0131n\u2019\u0131n Germencik il\u00e7esinde \u00e7al\u0131nan 14 k\u00fc\u00e7\u00fckba\u015f hayvan bulunarak sahinine teslim edilirken, olayla ilgili iki \u015f\u00fcpheli yakaland\u0131. Ayd\u0131n \u0130l Jandarma Komutanl\u0131\u011f\u0131na, 11 Kas\u0131m 2025 g\u00fcn\u00fc 14 adet k\u00fc\u00e7\u00fckba\u015f hayvan\u0131n \u00e7al\u0131nd\u0131\u011f\u0131 y\u00f6n\u00fcnde ihbar ula\u015fmas\u0131 \u00fczerine JASAT ve Germencik \u0130l\u00e7e Jandarma Komutanl\u0131\u011f\u0131 ekiplerince \u00e7al\u0131\u015fma ba\u015flat\u0131ld\u0131. Yap\u0131lan kapsaml\u0131 ara\u015ft\u0131rma ve titiz saha \u00e7al\u0131\u015fmalar\u0131 sonucunda h\u0131rs\u0131zl\u0131k olay\u0131n\u0131 ger\u00e7ekle\u015ftiren \u015f\u00fcphelilerden biri&#8230;<\/p>\n","protected":false},"author":1,"featured_media":67671,"comment_status":"open","ping_status":"open","sticky":false,"template":"","format":"standard","meta":{"_crdt_document":"","footnotes":""},"categories":[5],"tags":[],"class_list":["post-67670","post","type-post","status-publish","format-standard","has-post-thumbnail","hentry","category-asayis"],"_links":{"self":[{"href":"https:\/\/www.egemtv.com\/index.php?rest_route=\/wp\/v2\/posts\/67670","targetHints":{"allow":["GET"]}}],"collection":[{"href":"https:\/\/www.egemtv.com\/index.php?rest_route=\/wp\/v2\/posts"}],"about":[{"href":"https:\/\/www.egemtv.com\/index.php?rest_route=\/wp\/v2\/types\/post"}],"author":[{"embeddable":true,"href":"https:\/\/www.egemtv.com\/index.php?rest_route=\/wp\/v2\/users\/1"}],"replies":[{"embeddable":true,"href":"https:\/\/www.egemtv.com\/index.php?rest_route=%2Fwp%2Fv2%2Fcomments&post=67670"}],"version-history":[{"count":1,"href":"https:\/\/www.egemtv.com\/index.php?rest_route=\/wp\/v2\/posts\/67670\/revisions"}],"predecessor-version":[{"id":67672,"href":"https:\/\/www.egemtv.com\/index.php?rest_route=\/wp\/v2\/posts\/67670\/revisions\/67672"}],"wp:featuredmedia":[{"embeddable":true,"href":"https:\/\/www.egemtv.com\/index.php?rest_route=\/wp\/v2\/media\/67671"}],"wp:attachment":[{"href":"https:\/\/www.egemtv.com\/index.php?rest_route=%2Fwp%2Fv2%2Fmedia&parent=67670"}],"wp:term":[{"taxonomy":"category","embeddable":true,"href":"https:\/\/www.egemtv.com\/index.php?rest_route=%2Fwp%2Fv2%2Fcategories&post=67670"},{"taxonomy":"post_tag","embeddable":true,"href":"https:\/\/www.egemtv.com\/index.php?rest_route=%2Fwp%2Fv2%2Ftags&post=67670"}],"curies":[{"name":"wp","href":"https:\/\/api.w.org\/{rel}","templated":true}]}}