{"id":67667,"date":"2025-11-13T16:35:28","date_gmt":"2025-11-13T13:35:28","guid":{"rendered":"https:\/\/www.egemtv.com\/?p=67667"},"modified":"2025-11-13T16:35:29","modified_gmt":"2025-11-13T13:35:29","slug":"manisada-2025-sonuna-kadar-31-milyon-fidan-toprakla-bulusacak","status":"publish","type":"post","link":"https:\/\/www.egemtv.com\/?p=67667","title":{"rendered":"Manisa\u2019da 2025 sonuna kadar 3,1 milyon fidan toprakla bulu\u015facak"},"content":{"rendered":"<p>Manisa Orman \u0130\u015fletme M\u00fcd\u00fcr\u00fc Fatih \u00d6zt\u00fcrk, il genelinde y\u00fcr\u00fct\u00fclen a\u011fa\u00e7land\u0131rma ve fidan dikim \u00e7al\u0131\u015fmalar\u0131na ili\u015fkin de\u011ferlendirmede bulundu. \u00d6zt\u00fcrk, 2025 y\u0131l\u0131 sonuna kadar yanan orman alanlar\u0131 ba\u015fta olmak \u00fczere toplam 3,1 milyon adet fidan ve 5,9 milyon adet tohumun toprakla bulu\u015fturulaca\u011f\u0131n\u0131 s\u00f6yledi.<br \/>\n<br \/>2003-2024 y\u0131llar\u0131 aras\u0131nda Manisa genelinde 2 bin 402 orman yang\u0131n\u0131nda 10 bin 515 hektar orman alan\u0131n\u0131n zarar g\u00f6rd\u00fc\u011f\u00fcn\u00fc belirten \u00d6zt\u00fcrk, bu d\u00f6nemde 143 bin 282 hektar alanda 86,6 milyon fidan ve 120,6 milyon tohumun toprakla bulu\u015fturuldu\u011funu kaydetti. \u00d6zt\u00fcrk, &#8220;Yanan alanlardan \u00e7ok daha geni\u015f b\u00f6lgeler yeniden a\u011fa\u00e7land\u0131r\u0131ld\u0131. Ormanlar\u0131m\u0131z\u0131n korunmas\u0131 ve s\u00fcrd\u00fcr\u00fclebilirli\u011fi i\u00e7in \u00e7al\u0131\u015fmalar\u0131m\u0131z aral\u0131ks\u0131z s\u00fcr\u00fcyor.&#8221; dedi.<\/p>\n<p>&#8220;Sevdam\u0131z ye\u015fil vatan&#8221;<br \/>\n<br \/>Orman \u0130\u015fletme M\u00fcd\u00fcr\u00fc Fatih \u00d6zt\u00fcrk, 11 Kas\u0131m Milli A\u011fa\u00e7land\u0131rma G\u00fcn\u00fc kapsam\u0131nda yap\u0131lan etkinliklere de de\u011finerek, &#8220;Ekonomik, ekolojik ve sosyal a\u00e7\u0131dan b\u00fcy\u00fck \u00f6neme sahip olan ormanlar\u0131m\u0131z\u0131 korumak, s\u00fcrd\u00fcr\u00fclebilir \u015fekilde y\u00f6netmek ve gelecek nesillere daha ya\u015fanabilir bir ye\u015fil vatan b\u0131rakmak amac\u0131yla her y\u0131l 11 Kas\u0131m, Milli A\u011fa\u00e7land\u0131rma G\u00fcn\u00fc olarak kutlan\u0131yor. Bu y\u0131l milli a\u011fa\u00e7land\u0131rma g\u00fcn\u00fcn\u00fc \u2018\u015eahidimiz toprak, imzam\u0131z fidan, sevdam\u0131z ye\u015fil vatan\u2019 slogan\u0131yla \u00e7e\u015fitli fidan dikim etkinlikleriyle kutlad\u0131k.&#8221; ifadelerini kulland\u0131.<br \/>\n<br \/>Manisa\u2019n\u0131n 16 il\u00e7esinde ger\u00e7ekle\u015ftirilen etkinlikler kapsam\u0131nda 23 hektar alanda 35 bin fidan toprakla bulu\u015fturuldu.<\/p>\n<p>Yukar\u0131 Kayap\u0131nar\u2019da yeniden ye\u015fillenme ba\u015flad\u0131<br \/>\n<br \/>\u00d6zt\u00fcrk ayr\u0131ca, 23 Temmuz\u2019da saat 16.25\u2019te Yukar\u0131 Kayap\u0131nar b\u00f6lgesinde \u00e7\u0131kan ve 49,5 hektarl\u0131k alana zarar veren yang\u0131n sonras\u0131nda yap\u0131lan \u00e7al\u0131\u015fmalara da de\u011findi. Yang\u0131n sonras\u0131 b\u00f6lgede temizlik ve arazi haz\u0131rl\u0131klar\u0131n\u0131n tamamland\u0131\u011f\u0131n\u0131 belirten \u00d6zt\u00fcrk, 3 hektarl\u0131k alanda 8 bin servi ve f\u0131st\u0131k \u00e7am\u0131 fidan\u0131n\u0131n dikildi\u011fini ifade etti.<br \/>\n<br \/>Manisa\u2019da 2025 y\u0131l\u0131 i\u00e7erisinde meydana gelen 162 orman yang\u0131n\u0131nda toplam 4 bin 562 hektar orman alan\u0131 zarar g\u00f6r\u00fcrken, ekiplerin 116 k\u0131rsal yang\u0131na da m\u00fcdahale etti\u011fi bildirildi.<br \/><\/p>\n","protected":false},"excerpt":{"rendered":"<p>Manisa Orman \u0130\u015fletme M\u00fcd\u00fcr\u00fc Fatih \u00d6zt\u00fcrk, il genelinde y\u00fcr\u00fct\u00fclen a\u011fa\u00e7land\u0131rma ve fidan dikim \u00e7al\u0131\u015fmalar\u0131na ili\u015fkin de\u011ferlendirmede bulundu. \u00d6zt\u00fcrk, 2025 y\u0131l\u0131 sonuna kadar yanan orman alanlar\u0131 ba\u015fta olmak \u00fczere toplam 3,1 milyon adet fidan ve 5,9 milyon adet tohumun toprakla bulu\u015fturulaca\u011f\u0131n\u0131 s\u00f6yledi. 2003-2024 y\u0131llar\u0131 aras\u0131nda Manisa genelinde 2 bin 402 orman yang\u0131n\u0131nda 10 bin 515 hektar&#8230;<\/p>\n","protected":false},"author":1,"featured_media":67668,"comment_status":"open","ping_status":"open","sticky":false,"template":"","format":"standard","meta":{"_crdt_document":"","footnotes":""},"categories":[1],"tags":[],"class_list":["post-67667","post","type-post","status-publish","format-standard","has-post-thumbnail","hentry","category-guncel"],"_links":{"self":[{"href":"https:\/\/www.egemtv.com\/index.php?rest_route=\/wp\/v2\/posts\/67667","targetHints":{"allow":["GET"]}}],"collection":[{"href":"https:\/\/www.egemtv.com\/index.php?rest_route=\/wp\/v2\/posts"}],"about":[{"href":"https:\/\/www.egemtv.com\/index.php?rest_route=\/wp\/v2\/types\/post"}],"author":[{"embeddable":true,"href":"https:\/\/www.egemtv.com\/index.php?rest_route=\/wp\/v2\/users\/1"}],"replies":[{"embeddable":true,"href":"https:\/\/www.egemtv.com\/index.php?rest_route=%2Fwp%2Fv2%2Fcomments&post=67667"}],"version-history":[{"count":1,"href":"https:\/\/www.egemtv.com\/index.php?rest_route=\/wp\/v2\/posts\/67667\/revisions"}],"predecessor-version":[{"id":67669,"href":"https:\/\/www.egemtv.com\/index.php?rest_route=\/wp\/v2\/posts\/67667\/revisions\/67669"}],"wp:featuredmedia":[{"embeddable":true,"href":"https:\/\/www.egemtv.com\/index.php?rest_route=\/wp\/v2\/media\/67668"}],"wp:attachment":[{"href":"https:\/\/www.egemtv.com\/index.php?rest_route=%2Fwp%2Fv2%2Fmedia&parent=67667"}],"wp:term":[{"taxonomy":"category","embeddable":true,"href":"https:\/\/www.egemtv.com\/index.php?rest_route=%2Fwp%2Fv2%2Fcategories&post=67667"},{"taxonomy":"post_tag","embeddable":true,"href":"https:\/\/www.egemtv.com\/index.php?rest_route=%2Fwp%2Fv2%2Ftags&post=67667"}],"curies":[{"name":"wp","href":"https:\/\/api.w.org\/{rel}","templated":true}]}}