{"id":67664,"date":"2025-11-13T15:55:10","date_gmt":"2025-11-13T12:55:10","guid":{"rendered":"https:\/\/www.egemtv.com\/?p=67664"},"modified":"2025-11-13T15:55:11","modified_gmt":"2025-11-13T12:55:11","slug":"alasehirde-ilk-kez-cennet-hurmasi-festivali-duzenlenecek","status":"publish","type":"post","link":"https:\/\/www.egemtv.com\/?p=67664","title":{"rendered":"Ala\u015fehir\u2019de ilk kez \u2019Cennet Hurmas\u0131 Festivali\u2019 d\u00fczenlenecek"},"content":{"rendered":"<p>Ala\u015fehir\u2019de ilk kez d\u00fczenlenecek olan Cennet Hurmas\u0131 Festivali, \u00fc\u00e7 g\u00fcn boyunca hem lezzet hem m\u00fczik \u015f\u00f6leni ya\u015fatacak.<br \/>\n<br \/>Manisa\u2019n\u0131n Ala\u015fehir il\u00e7esinde bu y\u0131l ilk kez d\u00fczenlenecek olan Ala\u015fehir Cennet Hurmas\u0131 Festivali, birbirinden renkli etkinliklerle kap\u0131lar\u0131n\u0131 a\u00e7\u0131yor. Cennet hurmas\u0131n\u0131n \u00fcretim merkezi olarak bilinen Kavakl\u0131dere Mahallesi\u2019nde yap\u0131lacak festival, \u00fc\u00e7 g\u00fcn s\u00fcrecek dolu dolu program\u0131yla hem \u00fcreticileri hem de vatanda\u015flar\u0131 bir araya getirecek.<br \/>\n<br \/>Festivalin ilk g\u00fcn\u00fcnde Berkan \u00c7ift\u00e7i, ikinci g\u00fcn\u00fcnde Deniz Toprak, son g\u00fcn\u00fcnde ise \u00fcnl\u00fc sanat\u00e7\u0131 Ay\u015fe Din\u00e7er sahne alarak Ala\u015fehirlilere unutulmaz anlar ya\u015fatacak. Etkinlik s\u00fcresince b\u00f6lgede kurulacak stantlarda yerel \u00fcr\u00fcnler ve el eme\u011fi \u00fcr\u00fcnlerin sat\u0131\u015f\u0131 da yap\u0131lacak.<br \/>\n<br \/>Ala\u015fehir Belediyesi ve Kavakl\u0131dere Mahallesi muhtarl\u0131\u011f\u0131 i\u015f birli\u011fiyle d\u00fczenlenen festivalin, il\u00e7enin tar\u0131msal zenginliklerini tan\u0131tmaya ve yerel ekonomiye katk\u0131 sa\u011flamas\u0131n\u0131n hedeflendi\u011fi belirtildi.<br \/><\/p>\n","protected":false},"excerpt":{"rendered":"<p>Ala\u015fehir\u2019de ilk kez d\u00fczenlenecek olan Cennet Hurmas\u0131 Festivali, \u00fc\u00e7 g\u00fcn boyunca hem lezzet hem m\u00fczik \u015f\u00f6leni ya\u015fatacak. Manisa\u2019n\u0131n Ala\u015fehir il\u00e7esinde bu y\u0131l ilk kez d\u00fczenlenecek olan Ala\u015fehir Cennet Hurmas\u0131 Festivali, birbirinden renkli etkinliklerle kap\u0131lar\u0131n\u0131 a\u00e7\u0131yor. Cennet hurmas\u0131n\u0131n \u00fcretim merkezi olarak bilinen Kavakl\u0131dere Mahallesi\u2019nde yap\u0131lacak festival, \u00fc\u00e7 g\u00fcn s\u00fcrecek dolu dolu program\u0131yla hem \u00fcreticileri hem de&#8230;<\/p>\n","protected":false},"author":1,"featured_media":67665,"comment_status":"open","ping_status":"open","sticky":false,"template":"","format":"standard","meta":{"_crdt_document":"","footnotes":""},"categories":[1],"tags":[],"class_list":["post-67664","post","type-post","status-publish","format-standard","has-post-thumbnail","hentry","category-guncel"],"_links":{"self":[{"href":"https:\/\/www.egemtv.com\/index.php?rest_route=\/wp\/v2\/posts\/67664","targetHints":{"allow":["GET"]}}],"collection":[{"href":"https:\/\/www.egemtv.com\/index.php?rest_route=\/wp\/v2\/posts"}],"about":[{"href":"https:\/\/www.egemtv.com\/index.php?rest_route=\/wp\/v2\/types\/post"}],"author":[{"embeddable":true,"href":"https:\/\/www.egemtv.com\/index.php?rest_route=\/wp\/v2\/users\/1"}],"replies":[{"embeddable":true,"href":"https:\/\/www.egemtv.com\/index.php?rest_route=%2Fwp%2Fv2%2Fcomments&post=67664"}],"version-history":[{"count":1,"href":"https:\/\/www.egemtv.com\/index.php?rest_route=\/wp\/v2\/posts\/67664\/revisions"}],"predecessor-version":[{"id":67666,"href":"https:\/\/www.egemtv.com\/index.php?rest_route=\/wp\/v2\/posts\/67664\/revisions\/67666"}],"wp:featuredmedia":[{"embeddable":true,"href":"https:\/\/www.egemtv.com\/index.php?rest_route=\/wp\/v2\/media\/67665"}],"wp:attachment":[{"href":"https:\/\/www.egemtv.com\/index.php?rest_route=%2Fwp%2Fv2%2Fmedia&parent=67664"}],"wp:term":[{"taxonomy":"category","embeddable":true,"href":"https:\/\/www.egemtv.com\/index.php?rest_route=%2Fwp%2Fv2%2Fcategories&post=67664"},{"taxonomy":"post_tag","embeddable":true,"href":"https:\/\/www.egemtv.com\/index.php?rest_route=%2Fwp%2Fv2%2Ftags&post=67664"}],"curies":[{"name":"wp","href":"https:\/\/api.w.org\/{rel}","templated":true}]}}