{"id":67661,"date":"2025-11-13T15:55:10","date_gmt":"2025-11-13T12:55:10","guid":{"rendered":"https:\/\/www.egemtv.com\/?p=67661"},"modified":"2025-11-13T15:55:10","modified_gmt":"2025-11-13T12:55:10","slug":"hapis-cezasiyla-aranan-sahsi-jasat-yakaladi-2","status":"publish","type":"post","link":"https:\/\/www.egemtv.com\/?p=67661","title":{"rendered":"Hapis cezas\u0131yla aranan \u015fahs\u0131 JASAT yakalad\u0131"},"content":{"rendered":"<p>Afyonkarahisar\u2019da \u00e7e\u015fitli su\u00e7lardan 12 y\u0131l hapis cezas\u0131yla aranan \u015fah\u0131s JASAT ekipleri taraf\u0131ndan yakaland\u0131. Edinilen bilgilere g\u00f6re, doland\u0131r\u0131c\u0131l\u0131k, h\u0131rs\u0131zl\u0131k ve tehdit gibi su\u00e7lardan 12 y\u0131l hapis cezas\u0131 ile aranan K.A.\u2019n\u0131n yakalanmas\u0131 i\u00e7in \u00e7al\u0131\u015fma ba\u015flat\u0131ld\u0131.  S\u00fcphelinin pe\u015fine JASAT ekipleri \u015fahs\u0131 Usak\u2019da yakalad\u0131. Ard\u0131ndan Afyonkarahisar\u2019a getirilen \u015fah\u0131s jandarmadaki i\u015flemlerinin ard\u0131ndan sevk edildi\u011fi mahkeme taraf\u0131ndan tutuklanarak cezaevine g\u00f6nderildi.<br \/><\/p>\n","protected":false},"excerpt":{"rendered":"<p>Afyonkarahisar\u2019da \u00e7e\u015fitli su\u00e7lardan 12 y\u0131l hapis cezas\u0131yla aranan \u015fah\u0131s JASAT ekipleri taraf\u0131ndan yakaland\u0131. Edinilen bilgilere g\u00f6re, doland\u0131r\u0131c\u0131l\u0131k, h\u0131rs\u0131zl\u0131k ve tehdit gibi su\u00e7lardan 12 y\u0131l hapis cezas\u0131 ile aranan K.A.\u2019n\u0131n yakalanmas\u0131 i\u00e7in \u00e7al\u0131\u015fma ba\u015flat\u0131ld\u0131. S\u00fcphelinin pe\u015fine JASAT ekipleri \u015fahs\u0131 Usak\u2019da yakalad\u0131. Ard\u0131ndan Afyonkarahisar\u2019a getirilen \u015fah\u0131s jandarmadaki i\u015flemlerinin ard\u0131ndan sevk edildi\u011fi mahkeme taraf\u0131ndan tutuklanarak cezaevine g\u00f6nderildi.<\/p>\n","protected":false},"author":1,"featured_media":67662,"comment_status":"open","ping_status":"open","sticky":false,"template":"","format":"standard","meta":{"_crdt_document":"","footnotes":""},"categories":[5],"tags":[],"class_list":["post-67661","post","type-post","status-publish","format-standard","has-post-thumbnail","hentry","category-asayis"],"_links":{"self":[{"href":"https:\/\/www.egemtv.com\/index.php?rest_route=\/wp\/v2\/posts\/67661","targetHints":{"allow":["GET"]}}],"collection":[{"href":"https:\/\/www.egemtv.com\/index.php?rest_route=\/wp\/v2\/posts"}],"about":[{"href":"https:\/\/www.egemtv.com\/index.php?rest_route=\/wp\/v2\/types\/post"}],"author":[{"embeddable":true,"href":"https:\/\/www.egemtv.com\/index.php?rest_route=\/wp\/v2\/users\/1"}],"replies":[{"embeddable":true,"href":"https:\/\/www.egemtv.com\/index.php?rest_route=%2Fwp%2Fv2%2Fcomments&post=67661"}],"version-history":[{"count":1,"href":"https:\/\/www.egemtv.com\/index.php?rest_route=\/wp\/v2\/posts\/67661\/revisions"}],"predecessor-version":[{"id":67663,"href":"https:\/\/www.egemtv.com\/index.php?rest_route=\/wp\/v2\/posts\/67661\/revisions\/67663"}],"wp:featuredmedia":[{"embeddable":true,"href":"https:\/\/www.egemtv.com\/index.php?rest_route=\/wp\/v2\/media\/67662"}],"wp:attachment":[{"href":"https:\/\/www.egemtv.com\/index.php?rest_route=%2Fwp%2Fv2%2Fmedia&parent=67661"}],"wp:term":[{"taxonomy":"category","embeddable":true,"href":"https:\/\/www.egemtv.com\/index.php?rest_route=%2Fwp%2Fv2%2Fcategories&post=67661"},{"taxonomy":"post_tag","embeddable":true,"href":"https:\/\/www.egemtv.com\/index.php?rest_route=%2Fwp%2Fv2%2Ftags&post=67661"}],"curies":[{"name":"wp","href":"https:\/\/api.w.org\/{rel}","templated":true}]}}