{"id":67658,"date":"2025-11-13T15:55:09","date_gmt":"2025-11-13T12:55:09","guid":{"rendered":"https:\/\/www.egemtv.com\/?p=67658"},"modified":"2025-11-13T15:55:10","modified_gmt":"2025-11-13T12:55:10","slug":"burdurda-cikan-yanginda-hayatini-kaybeden-yasli-cift-topraga-verildi","status":"publish","type":"post","link":"https:\/\/www.egemtv.com\/?p=67658","title":{"rendered":"Burdur\u2019da \u00e7\u0131kan yang\u0131nda  hayat\u0131n\u0131 kaybeden ya\u015fl\u0131 \u00e7ift topra\u011fa verildi"},"content":{"rendered":"<p>Burdur\u2019un Ye\u015filova il\u00e7esinde \u00e7\u0131kan yang\u0131nda hayat\u0131n\u0131 kaybeden ya\u015fl\u0131 kar\u0131 koca k\u0131l\u0131nan cenaze namaz\u0131n\u0131n ard\u0131ndan topra\u011fa verildi.<br \/>\n<br \/>Yang\u0131n, cumartesi g\u00fcn\u00fc sabah saatlerinde Ye\u015filova il\u00e7esi G\u00fcney k\u00f6y\u00fcnde meydana geldi. Edinilen bilgiye g\u00f6re, \u015eerife Boz (88) ve Durmu\u015f Boz (94) \u00e7iftine ait evde elektrikli sobadan oldu\u011fu san\u0131lan yang\u0131n \u00e7\u0131kt\u0131. Yang\u0131nda ya\u015fl\u0131 \u00e7ift evde mahsur kal\u0131rken ihbar \u00fczerine adrese itfaiye, sa\u011fl\u0131k ve jandarma ekibi sevk edildi. \u0130tfaiye ekipleri taraf\u0131ndan yang\u0131na m\u00fcdahale edilirken evde ya\u015fl\u0131 \u00e7iftin cans\u0131z bedeni bulundu. Yap\u0131lan incelemenin ard\u0131ndan \u00e7iftin cans\u0131z bedeni Ye\u015filova Devlet Hastanesi\u2019ne kald\u0131r\u0131ld\u0131. Yap\u0131lan otopsinin ard\u0131ndan \u00e7ift bug\u00fcn \u00f6\u011fle namaz\u0131n\u0131 m\u00fcteakip G\u00fcney Mezarl\u0131\u011f\u0131\u2019nda k\u0131l\u0131nan cenaze namaz\u0131n\u0131n ard\u0131ndan topra\u011fa verildi.<br \/><\/p>\n","protected":false},"excerpt":{"rendered":"<p>Burdur\u2019un Ye\u015filova il\u00e7esinde \u00e7\u0131kan yang\u0131nda hayat\u0131n\u0131 kaybeden ya\u015fl\u0131 kar\u0131 koca k\u0131l\u0131nan cenaze namaz\u0131n\u0131n ard\u0131ndan topra\u011fa verildi. Yang\u0131n, cumartesi g\u00fcn\u00fc sabah saatlerinde Ye\u015filova il\u00e7esi G\u00fcney k\u00f6y\u00fcnde meydana geldi. Edinilen bilgiye g\u00f6re, \u015eerife Boz (88) ve Durmu\u015f Boz (94) \u00e7iftine ait evde elektrikli sobadan oldu\u011fu san\u0131lan yang\u0131n \u00e7\u0131kt\u0131. Yang\u0131nda ya\u015fl\u0131 \u00e7ift evde mahsur kal\u0131rken ihbar \u00fczerine adrese&#8230;<\/p>\n","protected":false},"author":1,"featured_media":67659,"comment_status":"open","ping_status":"open","sticky":false,"template":"","format":"standard","meta":{"_crdt_document":"","footnotes":""},"categories":[5],"tags":[],"class_list":["post-67658","post","type-post","status-publish","format-standard","has-post-thumbnail","hentry","category-asayis"],"_links":{"self":[{"href":"https:\/\/www.egemtv.com\/index.php?rest_route=\/wp\/v2\/posts\/67658","targetHints":{"allow":["GET"]}}],"collection":[{"href":"https:\/\/www.egemtv.com\/index.php?rest_route=\/wp\/v2\/posts"}],"about":[{"href":"https:\/\/www.egemtv.com\/index.php?rest_route=\/wp\/v2\/types\/post"}],"author":[{"embeddable":true,"href":"https:\/\/www.egemtv.com\/index.php?rest_route=\/wp\/v2\/users\/1"}],"replies":[{"embeddable":true,"href":"https:\/\/www.egemtv.com\/index.php?rest_route=%2Fwp%2Fv2%2Fcomments&post=67658"}],"version-history":[{"count":1,"href":"https:\/\/www.egemtv.com\/index.php?rest_route=\/wp\/v2\/posts\/67658\/revisions"}],"predecessor-version":[{"id":67660,"href":"https:\/\/www.egemtv.com\/index.php?rest_route=\/wp\/v2\/posts\/67658\/revisions\/67660"}],"wp:featuredmedia":[{"embeddable":true,"href":"https:\/\/www.egemtv.com\/index.php?rest_route=\/wp\/v2\/media\/67659"}],"wp:attachment":[{"href":"https:\/\/www.egemtv.com\/index.php?rest_route=%2Fwp%2Fv2%2Fmedia&parent=67658"}],"wp:term":[{"taxonomy":"category","embeddable":true,"href":"https:\/\/www.egemtv.com\/index.php?rest_route=%2Fwp%2Fv2%2Fcategories&post=67658"},{"taxonomy":"post_tag","embeddable":true,"href":"https:\/\/www.egemtv.com\/index.php?rest_route=%2Fwp%2Fv2%2Ftags&post=67658"}],"curies":[{"name":"wp","href":"https:\/\/api.w.org\/{rel}","templated":true}]}}