{"id":67625,"date":"2025-11-13T14:34:43","date_gmt":"2025-11-13T11:34:43","guid":{"rendered":"https:\/\/www.egemtv.com\/?p=67625"},"modified":"2025-11-13T14:34:43","modified_gmt":"2025-11-13T11:34:43","slug":"aydin-buyuksehir-kislik-fideleri-germencikliler-ile-bulusturdu","status":"publish","type":"post","link":"https:\/\/www.egemtv.com\/?p=67625","title":{"rendered":"Ayd\u0131n B\u00fcy\u00fck\u015fehir k\u0131\u015fl\u0131k fideleri Germencikliler ile bulu\u015fturdu"},"content":{"rendered":"<p>Ayd\u0131n B\u00fcy\u00fck\u015fehir Belediye Ba\u015fkan\u0131 \u00d6zlem \u00c7er\u00e7io\u011flu, Ata Tohumlar\u0131n\u0131 Germencik\u2019te vatanda\u015flarla bulu\u015fturdu.<\/p>\n<p>Ayd\u0131n B\u00fcy\u00fck\u015fehir Belediyesi\u2019nin y\u0131llard\u0131r s\u00fcrd\u00fcrd\u00fc\u011f\u00fc Ata Tohumlar\u0131 projesi kapsam\u0131nda \u00fcretilen binlerce k\u0131\u015fl\u0131k fide, Germencik\u2019te vatanda\u015flara \u00fccretsiz olarak da\u011f\u0131t\u0131ld\u0131.<\/p>\n<p>Tamamen B\u00fcy\u00fck\u015fehir Belediyesi\u2019nin fidanl\u0131klar\u0131nda yeti\u015ftirilen fideleri alan vatanda\u015flar, hem do\u011fal hem de sa\u011fl\u0131kl\u0131 \u00fcr\u00fcnler yeti\u015ftirme imkan\u0131 buluyor. Vatanda\u015flar, yerli tohumun yeniden hayat bulmas\u0131ndan duyduklar\u0131 memnuniyeti dile getirerek Ba\u015fkan \u00c7er\u00e7io\u011flu\u2019na te\u015fekk\u00fcr etti.<\/p>\n<p>Ba\u015fkan \u00c7er\u00e7io\u011flu, Ata Tohumlar\u0131n\u0131n korunmas\u0131 ve \u00fcretiminin devaml\u0131l\u0131\u011f\u0131n\u0131n, gelecek nesillere b\u0131rak\u0131lacak en \u00f6nemli miraslardan biri oldu\u011fu belirtti ve &#8220;Ata Tohumlar\u0131m\u0131z\u0131 korumak, gelece\u011fimizi korumakt\u0131r. Fidanl\u0131klar\u0131m\u0131zda \u00fcretti\u011fimiz bu fideleri vatanda\u015flar\u0131m\u0131zla bulu\u015fturmaya devam edece\u011fiz&#8221; ifadelerini kulland\u0131.<br \/><\/p>\n","protected":false},"excerpt":{"rendered":"<p>Ayd\u0131n B\u00fcy\u00fck\u015fehir Belediye Ba\u015fkan\u0131 \u00d6zlem \u00c7er\u00e7io\u011flu, Ata Tohumlar\u0131n\u0131 Germencik\u2019te vatanda\u015flarla bulu\u015fturdu. Ayd\u0131n B\u00fcy\u00fck\u015fehir Belediyesi\u2019nin y\u0131llard\u0131r s\u00fcrd\u00fcrd\u00fc\u011f\u00fc Ata Tohumlar\u0131 projesi kapsam\u0131nda \u00fcretilen binlerce k\u0131\u015fl\u0131k fide, Germencik\u2019te vatanda\u015flara \u00fccretsiz olarak da\u011f\u0131t\u0131ld\u0131. Tamamen B\u00fcy\u00fck\u015fehir Belediyesi\u2019nin fidanl\u0131klar\u0131nda yeti\u015ftirilen fideleri alan vatanda\u015flar, hem do\u011fal hem de sa\u011fl\u0131kl\u0131 \u00fcr\u00fcnler yeti\u015ftirme imkan\u0131 buluyor. Vatanda\u015flar, yerli tohumun yeniden hayat bulmas\u0131ndan duyduklar\u0131 memnuniyeti dile&#8230;<\/p>\n","protected":false},"author":1,"featured_media":67626,"comment_status":"open","ping_status":"open","sticky":false,"template":"","format":"standard","meta":{"_crdt_document":"","footnotes":""},"categories":[1],"tags":[],"class_list":["post-67625","post","type-post","status-publish","format-standard","has-post-thumbnail","hentry","category-guncel"],"_links":{"self":[{"href":"https:\/\/www.egemtv.com\/index.php?rest_route=\/wp\/v2\/posts\/67625","targetHints":{"allow":["GET"]}}],"collection":[{"href":"https:\/\/www.egemtv.com\/index.php?rest_route=\/wp\/v2\/posts"}],"about":[{"href":"https:\/\/www.egemtv.com\/index.php?rest_route=\/wp\/v2\/types\/post"}],"author":[{"embeddable":true,"href":"https:\/\/www.egemtv.com\/index.php?rest_route=\/wp\/v2\/users\/1"}],"replies":[{"embeddable":true,"href":"https:\/\/www.egemtv.com\/index.php?rest_route=%2Fwp%2Fv2%2Fcomments&post=67625"}],"version-history":[{"count":1,"href":"https:\/\/www.egemtv.com\/index.php?rest_route=\/wp\/v2\/posts\/67625\/revisions"}],"predecessor-version":[{"id":67627,"href":"https:\/\/www.egemtv.com\/index.php?rest_route=\/wp\/v2\/posts\/67625\/revisions\/67627"}],"wp:featuredmedia":[{"embeddable":true,"href":"https:\/\/www.egemtv.com\/index.php?rest_route=\/wp\/v2\/media\/67626"}],"wp:attachment":[{"href":"https:\/\/www.egemtv.com\/index.php?rest_route=%2Fwp%2Fv2%2Fmedia&parent=67625"}],"wp:term":[{"taxonomy":"category","embeddable":true,"href":"https:\/\/www.egemtv.com\/index.php?rest_route=%2Fwp%2Fv2%2Fcategories&post=67625"},{"taxonomy":"post_tag","embeddable":true,"href":"https:\/\/www.egemtv.com\/index.php?rest_route=%2Fwp%2Fv2%2Ftags&post=67625"}],"curies":[{"name":"wp","href":"https:\/\/api.w.org\/{rel}","templated":true}]}}