{"id":67622,"date":"2025-11-13T14:34:42","date_gmt":"2025-11-13T11:34:42","guid":{"rendered":"https:\/\/www.egemtv.com\/?p=67622"},"modified":"2025-11-13T14:34:42","modified_gmt":"2025-11-13T11:34:42","slug":"yag-fabrikasinda-yaralanan-iscilerden-8i-taburcu-edildi","status":"publish","type":"post","link":"https:\/\/www.egemtv.com\/?p=67622","title":{"rendered":"Ya\u011f fabrikas\u0131nda yaralanan i\u015f\u00e7ilerden 8\u2019i taburcu edildi"},"content":{"rendered":"<p>Afyonkarahisar\u2019da d\u00fcn ya\u011f fabrikas\u0131nda ya\u015fanan patlamada yaralanan 10 ki\u015fiden 8\u2019i taburcu edilirken ikisinin durumunun ciddiyetini korudu\u011fu bildirildi.<br \/>\n<br \/>Olay, kent merkezi Organize Sanayi B\u00f6lgesi\u2019ndeki \u00c7ift\u00e7iler ya\u011f fabrikas\u0131nda meydana geldi. Edinilen bilgilere g\u00f6re, ya\u011f fabrikas\u0131nda hen\u00fcz bilinmeyen bir sebepten \u00f6t\u00fcr\u00fc i\u015f\u00e7ilerin \u00e7al\u0131\u015fma yapt\u0131\u011f\u0131 esnada ya\u011f kazanlar\u0131ndan birinde patlama ya\u015fand\u0131. Patlamada isimleri \u00f6\u011frenilemeyen 10 ki\u015fi yaraland\u0131. Yaral\u0131lar olay sonras\u0131 ihbar\u0131 \u00fczerine b\u00f6lgeye gelen ambulanslarla hastanelere kald\u0131r\u0131ld\u0131. Yaral\u0131lardan 8\u2019i tedavilerinin tamamlanmas\u0131n\u0131n ard\u0131ndan taburcu edilirken ikisinin ise hayati tehlikesinin s\u00fcrd\u00fc\u011f\u00fc \u00f6\u011frenildi.<br \/>\n<br \/>\u00d6te yandan, itfaiye ve AFAD ekipleri taraf\u0131ndan patlaman\u0131n nedenine belirlenmesine ili\u015fkin ba\u015flat\u0131lan inceleme \u00e7al\u0131\u015fmas\u0131 ise s\u00fcr\u00fcyor.<br \/><\/p>\n","protected":false},"excerpt":{"rendered":"<p>Afyonkarahisar\u2019da d\u00fcn ya\u011f fabrikas\u0131nda ya\u015fanan patlamada yaralanan 10 ki\u015fiden 8\u2019i taburcu edilirken ikisinin durumunun ciddiyetini korudu\u011fu bildirildi. Olay, kent merkezi Organize Sanayi B\u00f6lgesi\u2019ndeki \u00c7ift\u00e7iler ya\u011f fabrikas\u0131nda meydana geldi. Edinilen bilgilere g\u00f6re, ya\u011f fabrikas\u0131nda hen\u00fcz bilinmeyen bir sebepten \u00f6t\u00fcr\u00fc i\u015f\u00e7ilerin \u00e7al\u0131\u015fma yapt\u0131\u011f\u0131 esnada ya\u011f kazanlar\u0131ndan birinde patlama ya\u015fand\u0131. Patlamada isimleri \u00f6\u011frenilemeyen 10 ki\u015fi yaraland\u0131. Yaral\u0131lar olay&#8230;<\/p>\n","protected":false},"author":1,"featured_media":67623,"comment_status":"open","ping_status":"open","sticky":false,"template":"","format":"standard","meta":{"_crdt_document":"","footnotes":""},"categories":[5],"tags":[],"class_list":["post-67622","post","type-post","status-publish","format-standard","has-post-thumbnail","hentry","category-asayis"],"_links":{"self":[{"href":"https:\/\/www.egemtv.com\/index.php?rest_route=\/wp\/v2\/posts\/67622","targetHints":{"allow":["GET"]}}],"collection":[{"href":"https:\/\/www.egemtv.com\/index.php?rest_route=\/wp\/v2\/posts"}],"about":[{"href":"https:\/\/www.egemtv.com\/index.php?rest_route=\/wp\/v2\/types\/post"}],"author":[{"embeddable":true,"href":"https:\/\/www.egemtv.com\/index.php?rest_route=\/wp\/v2\/users\/1"}],"replies":[{"embeddable":true,"href":"https:\/\/www.egemtv.com\/index.php?rest_route=%2Fwp%2Fv2%2Fcomments&post=67622"}],"version-history":[{"count":1,"href":"https:\/\/www.egemtv.com\/index.php?rest_route=\/wp\/v2\/posts\/67622\/revisions"}],"predecessor-version":[{"id":67624,"href":"https:\/\/www.egemtv.com\/index.php?rest_route=\/wp\/v2\/posts\/67622\/revisions\/67624"}],"wp:featuredmedia":[{"embeddable":true,"href":"https:\/\/www.egemtv.com\/index.php?rest_route=\/wp\/v2\/media\/67623"}],"wp:attachment":[{"href":"https:\/\/www.egemtv.com\/index.php?rest_route=%2Fwp%2Fv2%2Fmedia&parent=67622"}],"wp:term":[{"taxonomy":"category","embeddable":true,"href":"https:\/\/www.egemtv.com\/index.php?rest_route=%2Fwp%2Fv2%2Fcategories&post=67622"},{"taxonomy":"post_tag","embeddable":true,"href":"https:\/\/www.egemtv.com\/index.php?rest_route=%2Fwp%2Fv2%2Ftags&post=67622"}],"curies":[{"name":"wp","href":"https:\/\/api.w.org\/{rel}","templated":true}]}}