{"id":67619,"date":"2025-11-13T14:34:41","date_gmt":"2025-11-13T11:34:41","guid":{"rendered":"https:\/\/www.egemtv.com\/?p=67619"},"modified":"2025-11-13T14:34:42","modified_gmt":"2025-11-13T11:34:42","slug":"muski-ve-boder-su-tasarrufunu-gorustu","status":"publish","type":"post","link":"https:\/\/www.egemtv.com\/?p=67619","title":{"rendered":"MUSK\u0130 ve BODER su tasarrufunu g\u00f6r\u00fc\u015ft\u00fc"},"content":{"rendered":"<p>MUSK\u0130 Genel M\u00fcd\u00fcr\u00fc Y\u0131lmaz \u015eeng\u00fcl, ekibi ile birlikte otellerde su t\u00fcketimini azaltmaya y\u00f6nelik y\u00fcr\u00fct\u00fclen \u00e7al\u0131\u015fmalar ve yeni uygulamalar\u0131 de\u011ferlendirmek \u00fczere Bodrum Otelciler Derne\u011fi (BODER) Ba\u015fkan\u0131 \u00d6mer Faruk Dengiz\u2019i ziyaret etti.<\/p>\n<p>Mu\u011fla B\u00fcy\u00fck\u015fehir Belediye Ba\u015fkan\u0131 Ahmet Aras\u2019\u0131n, il genelinde suyun do\u011fru ve tasarruflu kullan\u0131lmas\u0131 ile altyap\u0131n\u0131n g\u00fc\u00e7lendirilmesine y\u00f6nelik talimatlar\u0131 do\u011frultusunda \u00e7al\u0131\u015fmalar\u0131n\u0131 s\u00fcrd\u00fcren MUSK\u0130 y\u00f6neticileri, bu kapsamda BODER Ba\u015fkan\u0131 \u00d6mer Faruk Dengiz ile bir araya geldi. BODER Ba\u015fkan\u0131 Dengiz, Bodrum genelindeki havuzlar\u0131n k\u0131\u015f\u0131n kullan\u0131lmad\u0131\u011f\u0131 i\u00e7in bo\u015falt\u0131ld\u0131\u011f\u0131n\u0131 belirterek, &#8220;Bu havuzlar\u0131n \u00e7o\u011fu oteller ve yazl\u0131k konutlarda yer al\u0131yor. K\u0131\u015f aylar\u0131nda kullan\u0131lmad\u0131klar\u0131 i\u00e7in genelde bo\u015falt\u0131l\u0131yor. Ancak bu durum \u00e7ok ciddi bir su israf\u0131na yol a\u00e7\u0131yor. Tespitini yapt\u0131\u011f\u0131m\u0131z havuzlar, ortalama 150 ton su kapasiteli olup 4 bu\u00e7uk milyon ton su depolayabiliyor. Burada bahsetti\u011fimiz su miktar\u0131 Mumcular baraj\u0131m\u0131z\u0131n %40\u2019\u0131na tekab\u00fcl etmektedir. 81 otel havuz sular\u0131n\u0131n bo\u015falt\u0131lmadan temizlenmesiyle 26 bin metrek\u00fcp su tasarrufu sa\u011fland\u0131. Bu uygulamay\u0131 t\u00fcm Bodrum\u2019a anlat\u0131p yayabilmek i\u00e7in elimizden gelen \u00e7abay\u0131 g\u00f6stermekteyiz&#8221; dedi.<\/p>\n<p>Genel M\u00fcd\u00fcr \u015eeng\u00fcl: &#8220;Otellerde su tasarrufuna y\u00f6nelik \u00e7al\u0131\u015fmalar s\u00fcr\u00fcyor&#8221;<br \/>\n<br \/>Yap\u0131lan g\u00f6r\u00fc\u015fmede su tasarrufu \u00e7al\u0131\u015fmalar\u0131n\u0131n sadece havuzlarla s\u0131n\u0131rl\u0131 kalmad\u0131\u011f\u0131n\u0131 vurgulayan Genel M\u00fcd\u00fcr \u015eeng\u00fcl, &#8220;Ba\u015fkan\u0131m\u0131z Ahmet Aras\u2019\u0131n \u0130l genelimde suyun tasarruflu kullan\u0131lmas\u0131na y\u00f6nelik direktifleri do\u011frultusunda \u00e7al\u0131\u015fmalar y\u00fcr\u00fct\u00fcyoruz. Havuz suyunun tahliye edilmeden korunmas\u0131yla hem tasarruf sa\u011flan\u0131yor hem de kanalizasyon hatlar\u0131ndaki y\u00fck azal\u0131yor. Oteller \u00f6zellikle havuz suyu ile \u00e7ok fazla su t\u00fcketiyor. Bu \u015fekilde \u00e7ok ciddi bir miktarda su korunmu\u015f oluyor. BODER b\u00f6ylesine \u00f6nemli bir konuda hassasiyet g\u00f6stermesinden \u00e7ok memnunuz. Bizlerde gri su ile ye\u015fil alan sulamas\u0131n\u0131n yayg\u0131nla\u015fmas\u0131 i\u00e7in \u00e7al\u0131\u015fmalar\u0131m\u0131za h\u0131z kesmeden devam ediyoruz. Yeni yapt\u0131\u011f\u0131m\u0131z ve yapaca\u011f\u0131m\u0131z t\u00fcm at\u0131ksu ar\u0131tma tesisleri ileri biyolojik ar\u0131tma yapabilecek \u015fekilde tasarl\u0131yor ve bu \u015fekilde suyun geri kazan\u0131m\u0131n\u0131 sa\u011fl\u0131yoruz. \u0130l genelinde hayata ge\u00e7irdi\u011fimiz i\u00e7me suyu hatlar\u0131n\u0131n yenilenmesi ve ar\u0131tma tesislerinin modernle\u015ftirme \u00e7al\u0131\u015fmalar\u0131 sayesinde kay\u0131p ka\u00e7ak ve suyun geri d\u00f6n\u00fc\u015f\u00fcm\u00fcnde \u00f6nemli ad\u0131mlar att\u0131k&#8221; dedi.<\/p>\n<p>\u015eeng\u00fcl: &#8220;Bodrum\u2019da en b\u00fcy\u00fck tasarrufunu ar\u0131zal\u0131 hatlar\u0131n\u0131 yenileyerek sa\u011flayaca\u011f\u0131z&#8221;<br \/>\n<br \/>Bodrum \u00f6zelinde ise su a\u00e7\u0131\u011f\u0131n\u0131n bulundu\u011funu ve bu nedenle yeni kaynaklar\u0131n yan\u0131 s\u0131ra mevcut kaynaklar\u0131nda korunarak tasarruf edilmesi gerekti\u011fine vurgu yapan MUSK\u0130 Genel M\u00fcd\u00fcr\u00fc Y\u0131lmaz \u015eeng\u00fcl, &#8220;Biz en b\u00fcy\u00fck tasarrufu Bodrum\u2019un ar\u0131zal\u0131 hatlar\u0131n\u0131 yenileyerek sa\u011flayaca\u011f\u0131z. Bildi\u011finiz \u00fczere Bodrum\u2019da ana isale hatlar\u0131nda 3 bini a\u015fan say\u0131da ar\u0131za ya\u015fand\u0131 ve ya\u015fanmaya devam ediyor. Ba\u015fkan\u0131m\u0131z Ahmet Aras\u2019\u0131n ilk talimat\u0131 bu sorunun \u00e7\u00f6z\u00fclmesi konusunda oldu ve hemen harekete ge\u00e7erek hatlar\u0131n yenilemeye ba\u015flad\u0131k. \u015euan G\u00fcney isale hatt\u0131n\u0131n yenileme \u00e7al\u0131\u015fmalar\u0131nda b\u00fcy\u00fck mesafe kat ettik. Ayn\u0131 zamanda Kuzey isale hatlar\u0131n\u0131n yenilenmesi i\u00e7inde ihaleye \u00e7\u0131k\u0131yoruz. B\u00f6ylece Bodrum\u2019daki ar\u0131zal\u0131 t\u00fcm ana isale hatlar\u0131n\u0131 yenilemi\u015f olaca\u011f\u0131z. B\u00f6ylece patlaklar nedeniyle ya\u015fanan binlerce metrek\u00fcp su kayb\u0131n\u0131n da \u00f6n\u00fcne ge\u00e7ece\u011fiz&#8221; diye konu\u015ftu.<\/p>\n<p>G\u00f6r\u00fc\u015fme sonunda, su kaynaklar\u0131n\u0131n korunmas\u0131na y\u00f6nelik katk\u0131lar\u0131ndan dolay\u0131 Ba\u015fkan Dengiz\u2019e Genel M\u00fcd\u00fcr \u015eeng\u00fcl taraf\u0131ndan plaket takdim edilirken, Bodrum Turizm Teknik M\u00fcd\u00fcrleri Derne\u011fi (TTMD48)\u2019ne de g\u0131yab\u0131nda te\u015fekk\u00fcr plaketi sunuldu.<br \/><\/p>\n","protected":false},"excerpt":{"rendered":"<p>MUSK\u0130 Genel M\u00fcd\u00fcr\u00fc Y\u0131lmaz \u015eeng\u00fcl, ekibi ile birlikte otellerde su t\u00fcketimini azaltmaya y\u00f6nelik y\u00fcr\u00fct\u00fclen \u00e7al\u0131\u015fmalar ve yeni uygulamalar\u0131 de\u011ferlendirmek \u00fczere Bodrum Otelciler Derne\u011fi (BODER) Ba\u015fkan\u0131 \u00d6mer Faruk Dengiz\u2019i ziyaret etti. Mu\u011fla B\u00fcy\u00fck\u015fehir Belediye Ba\u015fkan\u0131 Ahmet Aras\u2019\u0131n, il genelinde suyun do\u011fru ve tasarruflu kullan\u0131lmas\u0131 ile altyap\u0131n\u0131n g\u00fc\u00e7lendirilmesine y\u00f6nelik talimatlar\u0131 do\u011frultusunda \u00e7al\u0131\u015fmalar\u0131n\u0131 s\u00fcrd\u00fcren MUSK\u0130 y\u00f6neticileri, bu kapsamda&#8230;<\/p>\n","protected":false},"author":1,"featured_media":67620,"comment_status":"open","ping_status":"open","sticky":false,"template":"","format":"standard","meta":{"_crdt_document":"","footnotes":""},"categories":[1],"tags":[],"class_list":["post-67619","post","type-post","status-publish","format-standard","has-post-thumbnail","hentry","category-guncel"],"_links":{"self":[{"href":"https:\/\/www.egemtv.com\/index.php?rest_route=\/wp\/v2\/posts\/67619","targetHints":{"allow":["GET"]}}],"collection":[{"href":"https:\/\/www.egemtv.com\/index.php?rest_route=\/wp\/v2\/posts"}],"about":[{"href":"https:\/\/www.egemtv.com\/index.php?rest_route=\/wp\/v2\/types\/post"}],"author":[{"embeddable":true,"href":"https:\/\/www.egemtv.com\/index.php?rest_route=\/wp\/v2\/users\/1"}],"replies":[{"embeddable":true,"href":"https:\/\/www.egemtv.com\/index.php?rest_route=%2Fwp%2Fv2%2Fcomments&post=67619"}],"version-history":[{"count":1,"href":"https:\/\/www.egemtv.com\/index.php?rest_route=\/wp\/v2\/posts\/67619\/revisions"}],"predecessor-version":[{"id":67621,"href":"https:\/\/www.egemtv.com\/index.php?rest_route=\/wp\/v2\/posts\/67619\/revisions\/67621"}],"wp:featuredmedia":[{"embeddable":true,"href":"https:\/\/www.egemtv.com\/index.php?rest_route=\/wp\/v2\/media\/67620"}],"wp:attachment":[{"href":"https:\/\/www.egemtv.com\/index.php?rest_route=%2Fwp%2Fv2%2Fmedia&parent=67619"}],"wp:term":[{"taxonomy":"category","embeddable":true,"href":"https:\/\/www.egemtv.com\/index.php?rest_route=%2Fwp%2Fv2%2Fcategories&post=67619"},{"taxonomy":"post_tag","embeddable":true,"href":"https:\/\/www.egemtv.com\/index.php?rest_route=%2Fwp%2Fv2%2Ftags&post=67619"}],"curies":[{"name":"wp","href":"https:\/\/api.w.org\/{rel}","templated":true}]}}