{"id":67613,"date":"2025-11-13T14:15:35","date_gmt":"2025-11-13T11:15:35","guid":{"rendered":"https:\/\/www.egemtv.com\/?p=67613"},"modified":"2025-11-13T14:15:36","modified_gmt":"2025-11-13T11:15:36","slug":"denizlili-yuzucuden-riyadda-tarihi-basari","status":"publish","type":"post","link":"https:\/\/www.egemtv.com\/?p=67613","title":{"rendered":"Denizlili y\u00fcz\u00fcc\u00fcden Riyad\u2019da tarihi ba\u015far\u0131"},"content":{"rendered":"<p>Riyad\u2019ta 08-12 Kas\u0131m tarihleri aras\u0131nda d\u00fczenlenen 6. \u0130slami Dayan\u0131\u015fma Oyunlar\u0131\u2019nda Denizlili Milli Y\u00fcz\u00fcc\u00fc Ahmet Mete Boylu, kat\u0131ld\u0131\u011f\u0131 6 yar\u0131\u015fta 4 alt\u0131n, 1 bronz madalya kazanarak \u0130slam Oyunlar\u0131 rekoruna da imza att\u0131.<\/p>\n<p>\u0130slami Dayan\u0131\u015fma Oyunlar\u0131 08-12 Kas\u0131m 2025 tarihleri aras\u0131nda Suudi Arabistan\u2019\u0131n ba\u015fkenti Riyad\u2019ta ger\u00e7ekle\u015fti. Y\u00fczme bran\u015f\u0131nda 4 alt\u0131n, 1 bronz olmak \u00fczere toplam 5 madalya elde eden Denizlili Milli y\u00fcz\u00fcc\u00fc Ahmet Mete Boylu kazand\u0131\u011f\u0131 ba\u015far\u0131larla \u015fampiyonaya damga vurdu.<br \/>\n<br \/>Ahmet Mete Boylu, 200 metre serbest yar\u0131\u015f\u0131nda sergiledi\u011fi performansla alt\u0131n madalya kazan\u0131rken, 1dakika 48 saniye 65 saliselik derecesiyle de \u0130slam Oyunlar\u0131 Rekoruna imza att\u0131. Ba\u015far\u0131l\u0131 sporcu, tak\u0131m arkada\u015flar\u0131yla birlikte 4&#215;100 metre serbest bayrak, 4&#215;200 metre serbest bayrak ve 4&#215;100 metre serbest mix bayrak yar\u0131\u015flar\u0131nda da alt\u0131n madalya elde ederek toplam d\u00f6rt kez zirveye \u00e7\u0131kt\u0131. Ayr\u0131ca 400 metre serbestte bronz madalya, 100 metre serbestte ise d\u00f6rd\u00fcnc\u00fcl\u00fckle yar\u0131\u015flar\u0131 tamamlad\u0131.<\/p>\n<p>Son d\u00f6nemin y\u0131ld\u0131z sporcular\u0131 aras\u0131nda yer alan gen\u00e7 sporcu Ahmet Mete Boylu, 2025 y\u0131l\u0131nda kat\u0131ld\u0131\u011f\u0131 ulusal ve uluslararas\u0131 yar\u0131\u015fmalarda k\u00fcrs\u00fcde yer almay\u0131 ba\u015fard\u0131. 2025 y\u0131l\u0131nda G\u00fcney K\u0131br\u0131s\u2019ta Multi Nations Y\u00fczme Avrupa \u015eampiyonas\u0131\u2019nda alt\u0131n madalya kazanan gen\u00e7 y\u00fcz\u00fcc\u00fc, Slovakya\u2019da yap\u0131lan Avrupa Gen\u00e7ler Y\u00fczme \u015eampiyonas\u0131\u2019nda ise bronz madalya kazand\u0131. \u0130stanbul\u2019da yap\u0131lan Uzun Kulvar Y\u00fczme \u015eampiyonas\u0131\u2019nda alt\u0131n madalya kazanan ba\u015far\u0131l\u0131 sporcu son olarak Riyad\u2019ta yap\u0131lan \u0130slami Oyunlar \u015eampiyonas\u0131nda formunun zirvesinde oldu\u011funu kan\u0131tlad\u0131.<br \/>\n<br \/>\u0130slami Dayan\u0131\u015fma Oyunlar\u0131\u2019nda g\u00f6sterdi\u011fi ba\u015far\u0131l\u0131 performans sonras\u0131 Denizli Gen\u00e7lik ve Spor \u0130l M\u00fcd\u00fcr\u00fc S\u00fcleyman Erdo\u011fan gen\u00e7 sporcuyu ve Antren\u00f6r\u00fc Musa \u00d6zcan\u2019\u0131 kutlad\u0131.  Hem T\u00fcrkiye hem de Denizli ad\u0131na elde edilen ba\u015far\u0131dan dolay\u0131 gurur duyduklar\u0131n\u0131 belirten Erdo\u011fan, gen\u00e7 sporcuya ba\u015far\u0131lar\u0131n\u0131n devam\u0131n\u0131 diledi.<br \/><\/p>\n","protected":false},"excerpt":{"rendered":"<p>Riyad\u2019ta 08-12 Kas\u0131m tarihleri aras\u0131nda d\u00fczenlenen 6. \u0130slami Dayan\u0131\u015fma Oyunlar\u0131\u2019nda Denizlili Milli Y\u00fcz\u00fcc\u00fc Ahmet Mete Boylu, kat\u0131ld\u0131\u011f\u0131 6 yar\u0131\u015fta 4 alt\u0131n, 1 bronz madalya kazanarak \u0130slam Oyunlar\u0131 rekoruna da imza att\u0131. \u0130slami Dayan\u0131\u015fma Oyunlar\u0131 08-12 Kas\u0131m 2025 tarihleri aras\u0131nda Suudi Arabistan\u2019\u0131n ba\u015fkenti Riyad\u2019ta ger\u00e7ekle\u015fti. Y\u00fczme bran\u015f\u0131nda 4 alt\u0131n, 1 bronz olmak \u00fczere toplam 5 madalya&#8230;<\/p>\n","protected":false},"author":1,"featured_media":67614,"comment_status":"open","ping_status":"open","sticky":false,"template":"","format":"standard","meta":{"_crdt_document":"","footnotes":""},"categories":[4],"tags":[],"class_list":["post-67613","post","type-post","status-publish","format-standard","has-post-thumbnail","hentry","category-spor"],"_links":{"self":[{"href":"https:\/\/www.egemtv.com\/index.php?rest_route=\/wp\/v2\/posts\/67613","targetHints":{"allow":["GET"]}}],"collection":[{"href":"https:\/\/www.egemtv.com\/index.php?rest_route=\/wp\/v2\/posts"}],"about":[{"href":"https:\/\/www.egemtv.com\/index.php?rest_route=\/wp\/v2\/types\/post"}],"author":[{"embeddable":true,"href":"https:\/\/www.egemtv.com\/index.php?rest_route=\/wp\/v2\/users\/1"}],"replies":[{"embeddable":true,"href":"https:\/\/www.egemtv.com\/index.php?rest_route=%2Fwp%2Fv2%2Fcomments&post=67613"}],"version-history":[{"count":1,"href":"https:\/\/www.egemtv.com\/index.php?rest_route=\/wp\/v2\/posts\/67613\/revisions"}],"predecessor-version":[{"id":67615,"href":"https:\/\/www.egemtv.com\/index.php?rest_route=\/wp\/v2\/posts\/67613\/revisions\/67615"}],"wp:featuredmedia":[{"embeddable":true,"href":"https:\/\/www.egemtv.com\/index.php?rest_route=\/wp\/v2\/media\/67614"}],"wp:attachment":[{"href":"https:\/\/www.egemtv.com\/index.php?rest_route=%2Fwp%2Fv2%2Fmedia&parent=67613"}],"wp:term":[{"taxonomy":"category","embeddable":true,"href":"https:\/\/www.egemtv.com\/index.php?rest_route=%2Fwp%2Fv2%2Fcategories&post=67613"},{"taxonomy":"post_tag","embeddable":true,"href":"https:\/\/www.egemtv.com\/index.php?rest_route=%2Fwp%2Fv2%2Ftags&post=67613"}],"curies":[{"name":"wp","href":"https:\/\/api.w.org\/{rel}","templated":true}]}}