{"id":67607,"date":"2025-11-13T14:15:33","date_gmt":"2025-11-13T11:15:33","guid":{"rendered":"https:\/\/www.egemtv.com\/?p=67607"},"modified":"2025-11-13T14:15:34","modified_gmt":"2025-11-13T11:15:34","slug":"milletvekilinin-olumune-sebep-olan-genc-surucu-tahliye-oldu","status":"publish","type":"post","link":"https:\/\/www.egemtv.com\/?p=67607","title":{"rendered":"Milletvekilinin \u00f6l\u00fcm\u00fcne sebep olan gen\u00e7 s\u00fcr\u00fcc\u00fc tahliye oldu"},"content":{"rendered":"<p>AK Parti 24. D\u00f6nem Mu\u011fla Milletvekili Ali Bo\u011fa\u2019ya yaya \u00e7izgisi \u00fczerinde kar\u015f\u0131dan kar\u015f\u0131ya ge\u00e7erken arac\u0131 ile \u00e7arparak \u00f6l\u00fcm\u00fcne neden olan s\u00fcr\u00fcc\u00fc Veli K., adli kontrol ve yurt d\u0131\u015f\u0131 \u00e7\u0131k\u0131\u015f yasa\u011f\u0131 karar\u0131 ile tahliye oldu.<br \/>\n<br \/>AK Parti 24. d\u00f6nem Mu\u011fla Milletvekili Ali Bo\u011fa 15 A\u011fustos 2025 Cuma g\u00fcn\u00fc Kara\u00e7ulha Mahallesi yak\u0131nlar\u0131nda meydana gelen trafik kazas\u0131nda yaya ge\u00e7idinden kar\u015f\u0131ya ge\u00e7erken Veli K. idaresindeki 07 GRN 12 plakal\u0131 arac\u0131n \u00e7arpmas\u0131 sonucu olay yerinde hayat\u0131n\u0131 kaybetmi\u015fti. Kazadan sonra \u00e7\u0131kar\u0131ld\u0131\u011f\u0131 mahkemece tutuklanan Veli K. Fethiye 2 . Asliye Ceza Mahkemesi\u2019ndeki 2. duru\u015fmada tahliye oldu. Fethiye 2. Asliye Ceza Mahkemesi\u2019ndeki ikinci duru\u015fmaya tutuklu san\u0131k Veli K. ile Ali Bo\u011fa\u2019n\u0131n k\u0131z\u0131 Zeynep Bo\u011fa ve taraf avukat\u0131 kat\u0131ld\u0131.<\/p>\n<p>&#8220;San\u0131ktan \u015fikayet\u00e7iyim&#8221;<br \/>\n<br \/>Trafik kazas\u0131nda hayat\u0131n\u0131 kaybeden Mu\u011fla eski milletvekili Ali Bo\u011fa\u2019n\u0131n k\u0131z\u0131 Zeynep Bo\u011fa duru\u015fmada san\u0131ktan \u015fikayet\u00e7i oldu\u011funu belirterek, &#8220;Babam\u0131n kaza haberini \u0130stanbul\u2019da toplant\u0131da \u00f6\u011frendim. Apar topar \u00e7\u0131k\u0131p Fethiye\u2019ye geldim. Bir hafta sonra babam\u0131n yan\u0131na karde\u015flerim ile tatile gelecektik. Babam enerjisi \u00e7ok y\u00fcksek, \u00e7ok iyi bir aile babas\u0131yd\u0131. Bunun d\u0131\u015f\u0131nda ise \u00e7evresine faydas\u0131 dokunan bir insand\u0131. Babam \u00e7ok sa\u011fl\u0131kl\u0131yd\u0131. Ben babam\u0131n \u00f6l\u00fcm\u00fcn\u00fc kabullenemiyorum. Ba\u015fkas\u0131n\u0131n pervas\u0131zl\u0131\u011f\u0131 y\u00fcz\u00fcnden babam\u0131n vefat\u0131n\u0131 kabullenemiyorum. Babam in\u015fallah hi\u00e7bir \u015fekilde ac\u0131 \u00e7ekmemi\u015ftir diyerek her g\u00fcn dua ediyorum. Babam trafik kurallar\u0131na son derece uyan bir insand\u0131r. Babam ilk \u00f6nce arac\u0131n\u0131 servis yoluna b\u0131rakm\u0131\u015ft\u0131r. Babam nizami bir \u015fekilde yaya ge\u00e7idinin ba\u015f\u0131nda beklemi\u015f, araban\u0131n ge\u00e7ip ge\u00e7medi\u011fini kontrol ederek kar\u015f\u0131ya ge\u00e7meye \u00e7al\u0131\u015fm\u0131\u015ft\u0131r. Edindi\u011fimiz kamera g\u00f6r\u00fcnt\u00fclerine g\u00f6re yolda fren izinin bulunmad\u0131\u011f\u0131, arac\u0131n babama h\u0131zl\u0131 \u015fekilde \u00e7arpt\u0131\u011f\u0131n\u0131n kan\u0131t\u0131d\u0131r. Kamera g\u00f6r\u00fcnt\u00fclerinde yakla\u015f\u0131k 170 metrelik g\u00f6r\u00fc\u015f alan\u0131 vard\u0131r.170 metreyi 4 saniyede alan bir arac\u0131n, saatte 150 km h\u0131zla gitti\u011fi anla\u015f\u0131lacakt\u0131r. Resmi bir h\u0131z tespitinin yap\u0131lmas\u0131n\u0131 talep ediyorum\u2019\u2019 dedi.<br \/>\n<br \/>Kaza g\u00fcn\u00fc havan\u0131n a\u00e7\u0131k oldu\u011funu yaya ge\u00e7idinden takriben 700 metre sonraki \u0131\u015f\u0131klara kadar ara\u00e7lar\u0131n h\u0131z\u0131n\u0131 d\u00fc\u015f\u00fcrmelerine dair 3 adet uyar\u0131 levhalar\u0131 ve yaya ge\u00e7idi oldu\u011funa dair uyar\u0131 levhas\u0131 bulundu\u011funu kaydeden Zeynep Bo\u011fa, &#8220;Bu y\u00fczden su\u00e7un taksirle i\u015flenen bir su\u00e7 de\u011fil, olas\u0131 kast ile yap\u0131ld\u0131\u011f\u0131n\u0131 d\u00fc\u015f\u00fcn\u00fcyorum. Bu y\u00fczden dosyan\u0131n a\u011f\u0131r ceza mahkemesinde yarg\u0131lanmas\u0131 gerekmektedir. Babam\u0131 bu \u015fekilde kaybetmek annemi, beni ve karde\u015flerimin psikolojisini \u00e7ok etkilemi\u015ftir. Kayda de\u011fer bir ceza miktar\u0131 Bizim kalbimizi ferahlatmayacak ama san\u0131\u011fa gere\u011finden az verilecek ceza bizi derinden etkileyecek ve bu durum toplum vicdan\u0131n\u0131 kanatacakt\u0131r. Sonuna kadar \u015fikayet\u00e7iyim. San\u0131\u011f\u0131n en \u00fcstten cezaland\u0131r\u0131lmas\u0131n\u0131 talep ederim\u2019\u2019 ifadelerini kulland\u0131.<\/p>\n<p>&#8220;Kan g\u00f6rmeye dayanamam&#8221;<br \/>\n<br \/>\u00d6nceki savunmalar\u0131n\u0131 tekrar eden tutuklu san\u0131k Veli K. &#8220;Normal h\u0131z ile ilerledi\u011fimi d\u00fc\u015f\u00fcn\u00fcyorum. Yan taraf\u0131mdan ge\u00e7en ara\u00e7 benden h\u0131zl\u0131 ge\u00e7ti\u011fi i\u00e7in Ali Bo\u011fa\u2019y\u0131 g\u00f6remedim. Psikolojik olarak zor durumday\u0131m, cezaevinde \u00e7ok rahats\u0131z\u0131m, midemde yaralar \u00e7\u0131km\u0131\u015ft\u0131r. Ben bilerek isteyerek bunu yapmad\u0131m. Yeni evliydim, tek amac\u0131m e\u015fimle ufak bir gezinti yapmakt\u0131, \u00e7ok \u00fczg\u00fcn\u00fcm. Yapt\u0131klar\u0131mdan \u00e7ok pi\u015fman\u0131m, bilin\u00e7li \u015fekilde kasten hareket etmedim. Ara\u00e7ta ABS fren oldu\u011fu i\u00e7in ilk etapta fren izi \u00e7\u0131kmamaktad\u0131r. Ancak ben Ali Bo\u011fa\u2019y\u0131 g\u00f6rd\u00fc\u011f\u00fcm anda frene bast\u0131m, ko\u015farak geldi\u011fi i\u00e7in de benim sa\u011f veya sola manevra yapsam kazay\u0131 engelleyemeyecek durumdayd\u0131m. Kan g\u00f6rmeye bile dayanamam. Beni tekrar cezaevine yollamay\u0131n. Tahliye mi istiyorum\u2019 dedi.<br \/>\n<br \/>Fethiye 2. Asliye Ceza Mahkemesi dosyan\u0131n Antalya Adli T\u0131p Kurumu\u2019ndan d\u00f6nmesinin ard\u0131ndan san\u0131\u011f\u0131n kullan\u0131m\u0131ndaki arac\u0131n olay an\u0131ndaki h\u0131z\u0131n\u0131n tespitine y\u00f6nelik bilirki\u015fi raporu d\u00fczenletilmesi, dosyan\u0131n \u0130stanbul Adli T\u0131p Kurumu geni\u015fletilmi\u015f uzmanlar kurulu ba\u015fkanl\u0131\u011f\u0131na g\u00f6nderilerek rapor tanzim edilmesi i\u00e7in duru\u015fmay\u0131 ileri tarihe ertelerken, tutuklu san\u0131k Veli K.\u2019nin tutuklukta ge\u00e7irdi\u011fi s\u00fcre cezan\u0131n kanundaki alt ve \u00fcst s\u0131n\u0131rlar\u0131 nazara al\u0131narak, yurt d\u0131\u015f\u0131 \u00e7\u0131k\u0131\u015f yasa\u011f\u0131 ve adli kontrol tedbirinin uygulanarak tahliyesine karar verdi.<br \/>\n<br \/>Bu karar Bo\u011fa ailesini ve sevenlerini \u00fcz\u00fcnt\u00fcye bo\u011farken, avukat\u0131 tahliye karar\u0131na kar\u015f\u0131 bir \u00fcst mahkemeye itirazda bulunacaklar\u0131n\u0131 belirtti.<br \/><\/p>\n","protected":false},"excerpt":{"rendered":"<p>AK Parti 24. D\u00f6nem Mu\u011fla Milletvekili Ali Bo\u011fa\u2019ya yaya \u00e7izgisi \u00fczerinde kar\u015f\u0131dan kar\u015f\u0131ya ge\u00e7erken arac\u0131 ile \u00e7arparak \u00f6l\u00fcm\u00fcne neden olan s\u00fcr\u00fcc\u00fc Veli K., adli kontrol ve yurt d\u0131\u015f\u0131 \u00e7\u0131k\u0131\u015f yasa\u011f\u0131 karar\u0131 ile tahliye oldu. AK Parti 24. d\u00f6nem Mu\u011fla Milletvekili Ali Bo\u011fa 15 A\u011fustos 2025 Cuma g\u00fcn\u00fc Kara\u00e7ulha Mahallesi yak\u0131nlar\u0131nda meydana gelen trafik kazas\u0131nda yaya&#8230;<\/p>\n","protected":false},"author":1,"featured_media":67608,"comment_status":"open","ping_status":"open","sticky":false,"template":"","format":"standard","meta":{"_crdt_document":"","footnotes":""},"categories":[5],"tags":[],"class_list":["post-67607","post","type-post","status-publish","format-standard","has-post-thumbnail","hentry","category-asayis"],"_links":{"self":[{"href":"https:\/\/www.egemtv.com\/index.php?rest_route=\/wp\/v2\/posts\/67607","targetHints":{"allow":["GET"]}}],"collection":[{"href":"https:\/\/www.egemtv.com\/index.php?rest_route=\/wp\/v2\/posts"}],"about":[{"href":"https:\/\/www.egemtv.com\/index.php?rest_route=\/wp\/v2\/types\/post"}],"author":[{"embeddable":true,"href":"https:\/\/www.egemtv.com\/index.php?rest_route=\/wp\/v2\/users\/1"}],"replies":[{"embeddable":true,"href":"https:\/\/www.egemtv.com\/index.php?rest_route=%2Fwp%2Fv2%2Fcomments&post=67607"}],"version-history":[{"count":1,"href":"https:\/\/www.egemtv.com\/index.php?rest_route=\/wp\/v2\/posts\/67607\/revisions"}],"predecessor-version":[{"id":67609,"href":"https:\/\/www.egemtv.com\/index.php?rest_route=\/wp\/v2\/posts\/67607\/revisions\/67609"}],"wp:featuredmedia":[{"embeddable":true,"href":"https:\/\/www.egemtv.com\/index.php?rest_route=\/wp\/v2\/media\/67608"}],"wp:attachment":[{"href":"https:\/\/www.egemtv.com\/index.php?rest_route=%2Fwp%2Fv2%2Fmedia&parent=67607"}],"wp:term":[{"taxonomy":"category","embeddable":true,"href":"https:\/\/www.egemtv.com\/index.php?rest_route=%2Fwp%2Fv2%2Fcategories&post=67607"},{"taxonomy":"post_tag","embeddable":true,"href":"https:\/\/www.egemtv.com\/index.php?rest_route=%2Fwp%2Fv2%2Ftags&post=67607"}],"curies":[{"name":"wp","href":"https:\/\/api.w.org\/{rel}","templated":true}]}}