{"id":67604,"date":"2025-11-13T13:54:52","date_gmt":"2025-11-13T10:54:52","guid":{"rendered":"https:\/\/www.egemtv.com\/?p=67604"},"modified":"2025-11-13T13:54:53","modified_gmt":"2025-11-13T10:54:53","slug":"chpli-belediyelerin-basin-sorumlulari-agc-uyeleri-ile-bir-araya-geldi","status":"publish","type":"post","link":"https:\/\/www.egemtv.com\/?p=67604","title":{"rendered":"CHP\u2019li belediyelerin bas\u0131n sorumlular\u0131 AGC \u00fcyeleri ile bir araya geldi"},"content":{"rendered":"<p>Ayd\u0131n\u2019daki Cumhuriyet Halk Partisi\u2019ne (CHP) ba\u011fl\u0131 10 il\u00e7e belediyesinin bas\u0131n sorumlular\u0131, Ayd\u0131n Gazeteciler Cemiyeti\u2019ni (AGC) ziyaret etti.<\/p>\n<p>Ziyarette, belediyeler ile yerel bas\u0131n aras\u0131ndaki ileti\u015fimin g\u00fc\u00e7lendirilmesi, bas\u0131n mensuplar\u0131n\u0131n ya\u015fad\u0131\u011f\u0131 sorunlar ve kurumsal i\u015f birli\u011fi konular\u0131nda g\u00f6r\u00fc\u015f al\u0131\u015fveri\u015finde bulunuldu.<\/p>\n<p>Belediyelerin bas\u0131n birimi temsilcileri, yeni d\u00f6nemde yerel bas\u0131nla daha etkin ve koordineli \u00e7al\u0131\u015fmalar y\u00fcr\u00fctmeyi hedeflediklerini ifade etti. Ziyaret, g\u00fcn\u00fcn an\u0131s\u0131na \u00e7ekilen hat\u0131ra foto\u011fraf\u0131yla sona erdi.<br \/><\/p>\n","protected":false},"excerpt":{"rendered":"<p>Ayd\u0131n\u2019daki Cumhuriyet Halk Partisi\u2019ne (CHP) ba\u011fl\u0131 10 il\u00e7e belediyesinin bas\u0131n sorumlular\u0131, Ayd\u0131n Gazeteciler Cemiyeti\u2019ni (AGC) ziyaret etti. Ziyarette, belediyeler ile yerel bas\u0131n aras\u0131ndaki ileti\u015fimin g\u00fc\u00e7lendirilmesi, bas\u0131n mensuplar\u0131n\u0131n ya\u015fad\u0131\u011f\u0131 sorunlar ve kurumsal i\u015f birli\u011fi konular\u0131nda g\u00f6r\u00fc\u015f al\u0131\u015fveri\u015finde bulunuldu. Belediyelerin bas\u0131n birimi temsilcileri, yeni d\u00f6nemde yerel bas\u0131nla daha etkin ve koordineli \u00e7al\u0131\u015fmalar y\u00fcr\u00fctmeyi hedeflediklerini ifade etti. Ziyaret,&#8230;<\/p>\n","protected":false},"author":1,"featured_media":67605,"comment_status":"open","ping_status":"open","sticky":false,"template":"","format":"standard","meta":{"_crdt_document":"","footnotes":""},"categories":[1],"tags":[],"class_list":["post-67604","post","type-post","status-publish","format-standard","has-post-thumbnail","hentry","category-guncel"],"_links":{"self":[{"href":"https:\/\/www.egemtv.com\/index.php?rest_route=\/wp\/v2\/posts\/67604","targetHints":{"allow":["GET"]}}],"collection":[{"href":"https:\/\/www.egemtv.com\/index.php?rest_route=\/wp\/v2\/posts"}],"about":[{"href":"https:\/\/www.egemtv.com\/index.php?rest_route=\/wp\/v2\/types\/post"}],"author":[{"embeddable":true,"href":"https:\/\/www.egemtv.com\/index.php?rest_route=\/wp\/v2\/users\/1"}],"replies":[{"embeddable":true,"href":"https:\/\/www.egemtv.com\/index.php?rest_route=%2Fwp%2Fv2%2Fcomments&post=67604"}],"version-history":[{"count":1,"href":"https:\/\/www.egemtv.com\/index.php?rest_route=\/wp\/v2\/posts\/67604\/revisions"}],"predecessor-version":[{"id":67606,"href":"https:\/\/www.egemtv.com\/index.php?rest_route=\/wp\/v2\/posts\/67604\/revisions\/67606"}],"wp:featuredmedia":[{"embeddable":true,"href":"https:\/\/www.egemtv.com\/index.php?rest_route=\/wp\/v2\/media\/67605"}],"wp:attachment":[{"href":"https:\/\/www.egemtv.com\/index.php?rest_route=%2Fwp%2Fv2%2Fmedia&parent=67604"}],"wp:term":[{"taxonomy":"category","embeddable":true,"href":"https:\/\/www.egemtv.com\/index.php?rest_route=%2Fwp%2Fv2%2Fcategories&post=67604"},{"taxonomy":"post_tag","embeddable":true,"href":"https:\/\/www.egemtv.com\/index.php?rest_route=%2Fwp%2Fv2%2Ftags&post=67604"}],"curies":[{"name":"wp","href":"https:\/\/api.w.org\/{rel}","templated":true}]}}