{"id":67595,"date":"2025-11-13T13:54:51","date_gmt":"2025-11-13T10:54:51","guid":{"rendered":"https:\/\/www.egemtv.com\/?p=67595"},"modified":"2025-11-13T13:54:51","modified_gmt":"2025-11-13T10:54:51","slug":"bodrum-aciklarinda-bitkin-dusen-duzensiz-gocmen-kurtarildi","status":"publish","type":"post","link":"https:\/\/www.egemtv.com\/?p=67595","title":{"rendered":"Bodrum a\u00e7\u0131klar\u0131nda bitkin d\u00fc\u015fen d\u00fczensiz g\u00f6\u00e7men kurtar\u0131ld\u0131"},"content":{"rendered":"<p>Mu\u011fla\u2019n\u0131n Bodrum il\u00e7esi a\u00e7\u0131klar\u0131nda bitkin halde bulunan d\u00fczensiz g\u00f6\u00e7men kurtar\u0131ld\u0131.<\/p>\n<p>Edinilen bilgiye g\u00f6re, Bodrum\u2019dan y\u00fczerek Yunanistan\u2019\u0131n \u0130stank\u00f6y Adas\u0131\u2019na ge\u00e7meye \u00e7al\u0131\u015fan d\u00fczensiz g\u00f6\u00e7men bir s\u00fcre sonra bitkin d\u00fc\u015ferek yard\u0131m talebinde bulundu. G\u00f6revlendirilen Sahil G\u00fcvenlik Botlar\u0131 (TCSG-1, KB-71) taraf\u0131ndan deniz y\u00fczeyinde tespit edilen d\u00fczensiz g\u00f6\u00e7men, bota al\u0131narak kurtar\u0131ld\u0131. Limana getirilip sa\u011fl\u0131k kontrollerinden ge\u00e7irilen d\u00fczensiz g\u00f6\u00e7men, daha sonra Mu\u011fla \u0130l G\u00f6\u00e7 \u0130daresi M\u00fcd\u00fcrl\u00fc\u011f\u00fc\u2019ne g\u00f6nderildi.<br \/><\/p>\n","protected":false},"excerpt":{"rendered":"<p>Mu\u011fla\u2019n\u0131n Bodrum il\u00e7esi a\u00e7\u0131klar\u0131nda bitkin halde bulunan d\u00fczensiz g\u00f6\u00e7men kurtar\u0131ld\u0131. Edinilen bilgiye g\u00f6re, Bodrum\u2019dan y\u00fczerek Yunanistan\u2019\u0131n \u0130stank\u00f6y Adas\u0131\u2019na ge\u00e7meye \u00e7al\u0131\u015fan d\u00fczensiz g\u00f6\u00e7men bir s\u00fcre sonra bitkin d\u00fc\u015ferek yard\u0131m talebinde bulundu. G\u00f6revlendirilen Sahil G\u00fcvenlik Botlar\u0131 (TCSG-1, KB-71) taraf\u0131ndan deniz y\u00fczeyinde tespit edilen d\u00fczensiz g\u00f6\u00e7men, bota al\u0131narak kurtar\u0131ld\u0131. Limana getirilip sa\u011fl\u0131k kontrollerinden ge\u00e7irilen d\u00fczensiz g\u00f6\u00e7men, daha sonra&#8230;<\/p>\n","protected":false},"author":1,"featured_media":67596,"comment_status":"open","ping_status":"open","sticky":false,"template":"","format":"standard","meta":{"_crdt_document":"","footnotes":""},"categories":[5],"tags":[],"class_list":["post-67595","post","type-post","status-publish","format-standard","has-post-thumbnail","hentry","category-asayis"],"_links":{"self":[{"href":"https:\/\/www.egemtv.com\/index.php?rest_route=\/wp\/v2\/posts\/67595","targetHints":{"allow":["GET"]}}],"collection":[{"href":"https:\/\/www.egemtv.com\/index.php?rest_route=\/wp\/v2\/posts"}],"about":[{"href":"https:\/\/www.egemtv.com\/index.php?rest_route=\/wp\/v2\/types\/post"}],"author":[{"embeddable":true,"href":"https:\/\/www.egemtv.com\/index.php?rest_route=\/wp\/v2\/users\/1"}],"replies":[{"embeddable":true,"href":"https:\/\/www.egemtv.com\/index.php?rest_route=%2Fwp%2Fv2%2Fcomments&post=67595"}],"version-history":[{"count":1,"href":"https:\/\/www.egemtv.com\/index.php?rest_route=\/wp\/v2\/posts\/67595\/revisions"}],"predecessor-version":[{"id":67597,"href":"https:\/\/www.egemtv.com\/index.php?rest_route=\/wp\/v2\/posts\/67595\/revisions\/67597"}],"wp:featuredmedia":[{"embeddable":true,"href":"https:\/\/www.egemtv.com\/index.php?rest_route=\/wp\/v2\/media\/67596"}],"wp:attachment":[{"href":"https:\/\/www.egemtv.com\/index.php?rest_route=%2Fwp%2Fv2%2Fmedia&parent=67595"}],"wp:term":[{"taxonomy":"category","embeddable":true,"href":"https:\/\/www.egemtv.com\/index.php?rest_route=%2Fwp%2Fv2%2Fcategories&post=67595"},{"taxonomy":"post_tag","embeddable":true,"href":"https:\/\/www.egemtv.com\/index.php?rest_route=%2Fwp%2Fv2%2Ftags&post=67595"}],"curies":[{"name":"wp","href":"https:\/\/api.w.org\/{rel}","templated":true}]}}