{"id":67592,"date":"2025-11-13T13:35:51","date_gmt":"2025-11-13T10:35:51","guid":{"rendered":"https:\/\/www.egemtv.com\/?p=67592"},"modified":"2025-11-13T13:35:52","modified_gmt":"2025-11-13T10:35:52","slug":"muglali-gencler-medeniyet-tarih-ve-kultur-kampi-ile-bitlis-ve-vani-kesfetti","status":"publish","type":"post","link":"https:\/\/www.egemtv.com\/?p=67592","title":{"rendered":"Mu\u011flal\u0131 gen\u00e7ler medeniyet, tarih ve k\u00fclt\u00fcr kamp\u0131 ile Bitlis ve Van\u2019\u0131 ke\u015ffetti"},"content":{"rendered":"<p>Gen\u00e7lik ve Spor Bakanl\u0131\u011f\u0131 (GSB) taraf\u0131ndan hayata ge\u00e7irilen \u2019Medeniyet, Tarih ve K\u00fclt\u00fcr Kamp\u0131\u2019 program\u0131 kapsam\u0131nda, Mu\u011fla\u2019n\u0131n gen\u00e7leri Do\u011fu Anadolu\u2019nun kadim \u015fehirleri Bitlis ve Van\u2019a gezi d\u00fczenledi.<\/p>\n<p>Mu\u011fla Gen\u00e7lik ve Spor \u0130l M\u00fcd\u00fcrl\u00fc\u011f\u00fc\u2019ne ba\u011fl\u0131 Mu\u011fla Uluslararas\u0131 Gen\u00e7lik Merkezi b\u00fcnyesindeki gen\u00e7ler, tarihin ve k\u00fclt\u00fcr\u00fcn izlerini yerinde s\u00fcrd\u00fc. K\u00fclt\u00fcr dolu kamp program\u0131 boyunca gen\u00e7ler, Bitlis ve Van\u2019\u0131n en \u00f6nemli tarihi ve do\u011fal g\u00fczelliklerini ziyaret etme f\u0131rsat\u0131 buldu. Gen\u00e7lerin ke\u015fif duraklar\u0131 aras\u0131nda \u015funlar yer ald\u0131 Ahlat Sel\u00e7uklu Meydan Mezarl\u0131\u011f\u0131, K\u00fcmbetler ve Harabe \u015eehir, Tatvan ve Van G\u00f6l\u00fcn\u00fc ziyaretler s\u0131ras\u0131nda gen\u00e7ler, alan\u0131nda uzman rehberler e\u015fli\u011finde b\u00f6lgede ya\u015fam\u0131\u015f olan medeniyetlerin izlerini yak\u0131ndan g\u00f6rme ve kapsaml\u0131 tarih bilgileri edinme imkan\u0131 buldu.<br \/><\/p>\n","protected":false},"excerpt":{"rendered":"<p>Gen\u00e7lik ve Spor Bakanl\u0131\u011f\u0131 (GSB) taraf\u0131ndan hayata ge\u00e7irilen \u2019Medeniyet, Tarih ve K\u00fclt\u00fcr Kamp\u0131\u2019 program\u0131 kapsam\u0131nda, Mu\u011fla\u2019n\u0131n gen\u00e7leri Do\u011fu Anadolu\u2019nun kadim \u015fehirleri Bitlis ve Van\u2019a gezi d\u00fczenledi. Mu\u011fla Gen\u00e7lik ve Spor \u0130l M\u00fcd\u00fcrl\u00fc\u011f\u00fc\u2019ne ba\u011fl\u0131 Mu\u011fla Uluslararas\u0131 Gen\u00e7lik Merkezi b\u00fcnyesindeki gen\u00e7ler, tarihin ve k\u00fclt\u00fcr\u00fcn izlerini yerinde s\u00fcrd\u00fc. K\u00fclt\u00fcr dolu kamp program\u0131 boyunca gen\u00e7ler, Bitlis ve Van\u2019\u0131n en&#8230;<\/p>\n","protected":false},"author":1,"featured_media":67593,"comment_status":"open","ping_status":"open","sticky":false,"template":"","format":"standard","meta":{"_crdt_document":"","footnotes":""},"categories":[1],"tags":[],"class_list":["post-67592","post","type-post","status-publish","format-standard","has-post-thumbnail","hentry","category-guncel"],"_links":{"self":[{"href":"https:\/\/www.egemtv.com\/index.php?rest_route=\/wp\/v2\/posts\/67592","targetHints":{"allow":["GET"]}}],"collection":[{"href":"https:\/\/www.egemtv.com\/index.php?rest_route=\/wp\/v2\/posts"}],"about":[{"href":"https:\/\/www.egemtv.com\/index.php?rest_route=\/wp\/v2\/types\/post"}],"author":[{"embeddable":true,"href":"https:\/\/www.egemtv.com\/index.php?rest_route=\/wp\/v2\/users\/1"}],"replies":[{"embeddable":true,"href":"https:\/\/www.egemtv.com\/index.php?rest_route=%2Fwp%2Fv2%2Fcomments&post=67592"}],"version-history":[{"count":1,"href":"https:\/\/www.egemtv.com\/index.php?rest_route=\/wp\/v2\/posts\/67592\/revisions"}],"predecessor-version":[{"id":67594,"href":"https:\/\/www.egemtv.com\/index.php?rest_route=\/wp\/v2\/posts\/67592\/revisions\/67594"}],"wp:featuredmedia":[{"embeddable":true,"href":"https:\/\/www.egemtv.com\/index.php?rest_route=\/wp\/v2\/media\/67593"}],"wp:attachment":[{"href":"https:\/\/www.egemtv.com\/index.php?rest_route=%2Fwp%2Fv2%2Fmedia&parent=67592"}],"wp:term":[{"taxonomy":"category","embeddable":true,"href":"https:\/\/www.egemtv.com\/index.php?rest_route=%2Fwp%2Fv2%2Fcategories&post=67592"},{"taxonomy":"post_tag","embeddable":true,"href":"https:\/\/www.egemtv.com\/index.php?rest_route=%2Fwp%2Fv2%2Ftags&post=67592"}],"curies":[{"name":"wp","href":"https:\/\/api.w.org\/{rel}","templated":true}]}}