{"id":67586,"date":"2025-11-13T13:35:49","date_gmt":"2025-11-13T10:35:49","guid":{"rendered":"https:\/\/www.egemtv.com\/?p=67586"},"modified":"2025-11-13T13:35:50","modified_gmt":"2025-11-13T10:35:50","slug":"ferdi-zeyrek-davasi-5-aralikta-basliyor","status":"publish","type":"post","link":"https:\/\/www.egemtv.com\/?p=67586","title":{"rendered":"Ferdi Zeyrek davas\u0131 5 Aral\u0131k\u2019ta ba\u015fl\u0131yor"},"content":{"rendered":"<p>Manisa B\u00fcy\u00fck\u015fehir Belediye Ba\u015fkan\u0131 Ferdi Zeyrek\u2019in 6 Haziran 2025 ak\u015fam\u0131 evinin y\u00fczme havuzunun motor b\u00f6l\u00fcm\u00fcnde elektrik ak\u0131m\u0131na kap\u0131larak hayat\u0131n\u0131 kaybetmesine ili\u015fkin 2\u2019si tutuklu 10 san\u0131kl\u0131 davan\u0131n g\u00f6r\u00fclmesine 5 Aral\u0131k 2025 g\u00fcn\u00fc Manisa 5. A\u011f\u0131r Ceza Mahkemesi\u2019nde ba\u015flanacak.<br \/>\n<br \/>Manisa B\u00fcy\u00fck\u015fehir Belediye Ba\u015fkan\u0131 Ferdi Zeyrek\u2019in Kurban Bayram\u0131\u2019n\u0131n birinci g\u00fcn\u00fc 6 Haziran 2025 g\u00fcn\u00fc evinin y\u00fczme havuzunun motor b\u00f6l\u00fcm\u00fcnde elektrik ak\u0131m\u0131na kap\u0131larak hayat\u0131n\u0131 kaybetmesine ili\u015fkin, Manisa Cumhuriyet Ba\u015fsavc\u0131l\u0131\u011f\u0131\u2019nca haz\u0131rlanan iddianame, Manisa 5. A\u011f\u0131r Ceza Mahkemesi taraf\u0131ndan kabul edildi. Ba\u015fkan Zeyrek\u2019in hayat\u0131n\u0131 kaybetti\u011fi ve e\u015fini kurtarmak isterken Nurcan Zeyrek\u2019in de yaraland\u0131\u011f\u0131 olaya ili\u015fkin 5 Aral\u0131k 2025 Cuma g\u00fcn\u00fc tutuklu san\u0131klar havuzun elektrik ve motor tesisat\u0131n\u0131 yapan, montajlama i\u015flemlerini ger\u00e7ekle\u015ftiren N.B. ve havuz motorunun tamirini ger\u00e7ekle\u015ftiren H.\u0130. ile 8 tutuksuz san\u0131\u011f\u0131n yarg\u0131lanmas\u0131na ba\u015flanacak. \u2019Taksirle bir ki\u015finin \u00f6l\u00fcm\u00fcne, bir ki\u015finin de yaralanmas\u0131na neden olma\u2019 su\u00e7undan 2\u2019\u015fer y\u0131ldan 15\u2019er y\u0131la kadar hapisle cezaland\u0131r\u0131lmas\u0131 talep edilen 2\u2019si tutuklu 10 san\u0131k hakim kar\u015f\u0131s\u0131na \u00e7\u0131kacak.<\/p>\n<p>Ne olmu\u015ftu<br \/>\n<br \/>Manisa\u2019n\u0131n Yunusemre il\u00e7esindeki evinde Kurban Bayram\u0131\u2019n\u0131n birinci g\u00fcn\u00fc 6 Haziran 2025 ak\u015fam\u0131 havuzun motor b\u00f6l\u00fcm\u00fcnde meydana gelen ar\u0131zay\u0131 kontrol etmek isteyen Manisa B\u00fcy\u00fck\u015fehir Belediye Ba\u015fkan\u0131 Ferdi Zeyrek, elektrik ak\u0131m\u0131na kap\u0131larak a\u011f\u0131r yaralanm\u0131\u015f ve Manisa Celal Bayar \u00dcniversitesi Hafsasultan Hastanesi\u2019ne kald\u0131r\u0131lm\u0131\u015ft\u0131. Burada 4 g\u00fcnl\u00fck ya\u015fam sava\u015f\u0131n\u0131 kaybeden Ba\u015fkan Zeyrek, 9 Haziran g\u00fcn\u00fc vefat ederken 10 Haziran g\u00fcn\u00fc b\u00fcy\u00fck bir kalabal\u0131\u011f\u0131n kat\u0131l\u0131m\u0131yla topra\u011fa verilmi\u015fti.<br \/>\n<br \/>Ya\u015fanan olay\u0131n ard\u0131ndan havuzun bak\u0131m\u0131ndan sorumlu Y.\u00d6. ile ka\u00e7ak ak\u0131m durumunu bildirmedi\u011fi belirlenen sitenin bak\u0131m ve g\u00fcvenlik i\u015flerinden sorumlu A.S. g\u00f6zalt\u0131na al\u0131nm\u0131\u015f, 2 \u015f\u00fcpheli 11 Haziran g\u00fcn\u00fc adli kontrol \u015fart\u0131yla serbest b\u0131rak\u0131lm\u0131\u015ft\u0131.<br \/>\n<br \/>Manisa Cumhuriyet Ba\u015fsavc\u0131l\u0131\u011f\u0131 koordinesinde y\u00fcr\u00fct\u00fclen soru\u015fturma kapsam\u0131nda evdeki enerji odas\u0131n\u0131n havuza mesafesini standartlara uygun in\u015fa etmedi\u011fi \u00f6ne s\u00fcr\u00fclen Z.M., havuzun yap\u0131m\u0131nda g\u00f6rev ald\u0131\u011f\u0131 de\u011ferlendirilen M.Y.P., havuz enerji odas\u0131ndaki motor ve elektrik aksamlar\u0131 ile di\u011fer ekipmanlar\u0131 standartlara ayk\u0131r\u0131 dizayn edip montaj\u0131n\u0131 yapt\u0131\u011f\u0131 ileri s\u00fcr\u00fclen N.B. ile yanl\u0131\u015f ve hatal\u0131 montaj ger\u00e7ekle\u015ftirdi\u011fi iddia edilen H.\u0130., 14 Haziran g\u00fcn\u00fc g\u00f6zalt\u0131na al\u0131n\u0131rken Z.M., N.B. ve H.\u0130. \u2019taksirle \u00f6l\u00fcme neden olma\u2019 su\u00e7lamas\u0131yla tutuklanm\u0131\u015f, M.Y.P. ise savc\u0131l\u0131ktaki i\u015flemlerinin ard\u0131ndan serbest b\u0131rak\u0131lm\u0131\u015ft\u0131.<br \/>\n<br \/>\u00d6te yandan, bilirki\u015fi incelemelerinde kusurlu bulunmayan Z.M. 27 Eyl\u00fcl\u2019de tahliye edilmi\u015fti.<br \/>\n<br \/>Dosya kapsam\u0131nda Yunusemre Belediyesi\u2019nde g\u00f6revli M.S. ve \u00d6.T. hakk\u0131nda da soru\u015fturma izni istenmi\u015fti.<br \/><\/p>\n","protected":false},"excerpt":{"rendered":"<p>Manisa B\u00fcy\u00fck\u015fehir Belediye Ba\u015fkan\u0131 Ferdi Zeyrek\u2019in 6 Haziran 2025 ak\u015fam\u0131 evinin y\u00fczme havuzunun motor b\u00f6l\u00fcm\u00fcnde elektrik ak\u0131m\u0131na kap\u0131larak hayat\u0131n\u0131 kaybetmesine ili\u015fkin 2\u2019si tutuklu 10 san\u0131kl\u0131 davan\u0131n g\u00f6r\u00fclmesine 5 Aral\u0131k 2025 g\u00fcn\u00fc Manisa 5. A\u011f\u0131r Ceza Mahkemesi\u2019nde ba\u015flanacak. Manisa B\u00fcy\u00fck\u015fehir Belediye Ba\u015fkan\u0131 Ferdi Zeyrek\u2019in Kurban Bayram\u0131\u2019n\u0131n birinci g\u00fcn\u00fc 6 Haziran 2025 g\u00fcn\u00fc evinin y\u00fczme havuzunun motor&#8230;<\/p>\n","protected":false},"author":1,"featured_media":67587,"comment_status":"open","ping_status":"open","sticky":false,"template":"","format":"standard","meta":{"_crdt_document":"","footnotes":""},"categories":[5],"tags":[],"class_list":["post-67586","post","type-post","status-publish","format-standard","has-post-thumbnail","hentry","category-asayis"],"_links":{"self":[{"href":"https:\/\/www.egemtv.com\/index.php?rest_route=\/wp\/v2\/posts\/67586","targetHints":{"allow":["GET"]}}],"collection":[{"href":"https:\/\/www.egemtv.com\/index.php?rest_route=\/wp\/v2\/posts"}],"about":[{"href":"https:\/\/www.egemtv.com\/index.php?rest_route=\/wp\/v2\/types\/post"}],"author":[{"embeddable":true,"href":"https:\/\/www.egemtv.com\/index.php?rest_route=\/wp\/v2\/users\/1"}],"replies":[{"embeddable":true,"href":"https:\/\/www.egemtv.com\/index.php?rest_route=%2Fwp%2Fv2%2Fcomments&post=67586"}],"version-history":[{"count":1,"href":"https:\/\/www.egemtv.com\/index.php?rest_route=\/wp\/v2\/posts\/67586\/revisions"}],"predecessor-version":[{"id":67588,"href":"https:\/\/www.egemtv.com\/index.php?rest_route=\/wp\/v2\/posts\/67586\/revisions\/67588"}],"wp:featuredmedia":[{"embeddable":true,"href":"https:\/\/www.egemtv.com\/index.php?rest_route=\/wp\/v2\/media\/67587"}],"wp:attachment":[{"href":"https:\/\/www.egemtv.com\/index.php?rest_route=%2Fwp%2Fv2%2Fmedia&parent=67586"}],"wp:term":[{"taxonomy":"category","embeddable":true,"href":"https:\/\/www.egemtv.com\/index.php?rest_route=%2Fwp%2Fv2%2Fcategories&post=67586"},{"taxonomy":"post_tag","embeddable":true,"href":"https:\/\/www.egemtv.com\/index.php?rest_route=%2Fwp%2Fv2%2Ftags&post=67586"}],"curies":[{"name":"wp","href":"https:\/\/api.w.org\/{rel}","templated":true}]}}