{"id":67583,"date":"2025-11-13T13:14:52","date_gmt":"2025-11-13T10:14:52","guid":{"rendered":"https:\/\/www.egemtv.com\/?p=67583"},"modified":"2025-11-13T13:14:53","modified_gmt":"2025-11-13T10:14:53","slug":"marmaris-eski-belediye-baskani-oktay-genel-baskan-yanlis-bilgilendirildi","status":"publish","type":"post","link":"https:\/\/www.egemtv.com\/?p=67583","title":{"rendered":"Marmaris eski Belediye Ba\u015fkan\u0131 Oktay  &#8220;Genel ba\u015fkan yanl\u0131\u015f bilgilendirildi&#8221;"},"content":{"rendered":"<p>Marmaris \u00f6nceki d\u00f6nem belediye ba\u015fkan\u0131 Mehmet Oktay, CHP Genel Ba\u015fkan\u0131 \u00d6zg\u00fcr \u00d6zel\u2019in kendisiyle ilgili yapt\u0131\u011f\u0131 a\u00e7\u0131klamalar\u0131n ard\u0131ndan Marmaris\u2019te bas\u0131n a\u00e7\u0131klamas\u0131 yapt\u0131. Oktay, \u00f6zellikle Sinpa\u015f arazisiyle ilgili iddialara yan\u0131t verdi.<br \/>\n<br \/>&#8220;\u0130\u00e7meler b\u00fct\u00fcnc\u00fcl imar plan\u0131 i\u00e7inde yer al\u0131yor&#8221;<br \/>\n<br \/>Oktay, 2005 y\u0131l\u0131nda \u0130\u00e7meler Belediyesi taraf\u0131ndan yap\u0131lan imar plan\u0131na dikkat \u00e7ekerek, &#8220;Ben belediye ba\u015fkan\u0131 olmadan, yani 2019 y\u0131l\u0131ndan \u00f6nce, o tarihten geriye gidecek olursak, 2005 y\u0131l\u0131nda \u0130\u00e7meler Belediyesi taraf\u0131ndan 1985 y\u0131l\u0131nda yap\u0131lan mevzi imar plan\u0131, 2005 y\u0131l\u0131 \u0130\u00e7meler imar revizyon plan\u0131 ile birlikte bu planlar\u0131n i\u00e7erisine al\u0131nm\u0131\u015ft\u0131r. Dolay\u0131s\u0131yla \u0130\u00e7meler b\u00fct\u00fcnc\u00fcl imar planlar\u0131 i\u00e7erisinde yer almaktad\u0131r. Bunun da bir kez daha alt\u0131n\u0131 \u00e7izmekte fayda vard\u0131r&#8221; dedi.<br \/>\n<br \/>&#8220;Verilen ruhsatlarla ilgili yanl\u0131\u015f bilgilendirmeler yap\u0131l\u0131yor&#8221;<br \/>\n<br \/>Oktay, \u00f6zel m\u00fclkiyet ve onayl\u0131 plan\u0131 olan alanlarda ruhsat verilmesinin vatanda\u015f\u0131n anayasal hakk\u0131 oldu\u011funu belirterek, &#8220;Bu s\u00fcre\u00e7te belediyenin de g\u00f6rev ve sorumluluklar\u0131 bulunmaktad\u0131r. Ancak verilen ruhsatlarla ilgili maalesef \u00e7ok yanl\u0131\u015f bilgilendirmeler yap\u0131lmaktad\u0131r.&#8221; ifadelerini kulland\u0131.<br \/>\n<br \/>&#8220;Sinpa\u015f\u2019a arazi verilmedi&#8221;<br \/>\n<br \/>A\u00e7\u0131klamas\u0131nda CHP Genel Ba\u015fkan\u0131 \u00d6zg\u00fcr \u00d6zel\u2019in yanl\u0131\u015f bilgilendirildi\u011fini savunan Oktay, &#8220;Bu arazinin Sinpa\u015f\u2019a verilmesi hatad\u0131r; \u00e7\u00fcnk\u00fc bu arazi Sinpa\u015f\u2019a verilen bir arazi de\u011fildir. Buras\u0131 Sinpa\u015f \u00f6ncesinde de ba\u015fka bir \u00f6zel firman\u0131n, kendi tapulu ve onayl\u0131 imar plan\u0131 olan bir m\u00fclkiyetidir. Ne Marmaris Belediyesi\u2019nden ne de herhangi bir kamu kurumundan verilmi\u015f bir alan s\u00f6z konusudur&#8221; diye konu\u015ftu.<br \/>\n<br \/>&#8220;\u0130mar hakk\u0131 art\u0131r\u0131lmad\u0131&#8221;<br \/>\n<br \/>Oktay, iddia edildi\u011fi gibi imar alan\u0131n\u0131n geni\u015fletilmedi\u011fini vurgulayarak, &#8220;Burada imar durumlar\u0131n\u0131n 46 bin metrekareden 275 bin metrekareye \u00e7\u0131kar\u0131ld\u0131\u011f\u0131 ifade ediliyor. Bu do\u011fru de\u011fildir. Yap\u0131la\u015fma hakk\u0131 imar planlar\u0131na g\u00f6re neyse ona g\u00f6re yap\u0131lm\u0131\u015ft\u0131r. Hatta bizim d\u00f6nemimizdeki uygulamalar, onayl\u0131 planlardaki haklara g\u00f6re daha azd\u0131r.&#8221; dedi.<br \/>\n<br \/>&#8220;Belediye daval\u0131 konumda&#8221;<br \/>\n<br \/>Oktay, davalarla ilgili olarak da Marmaris Belediyesi\u2019nin yanl\u0131\u015f y\u00f6nlendirildi\u011fini ileri s\u00fcrd\u00fc:<br \/>\n<br \/>Oktay, &#8220;Davay\u0131 a\u00e7an Marmaris Belediyesi de\u011fildir; tam tersi, Marmaris Belediyesi burada daval\u0131, yani dava a\u00e7\u0131lan kurumdur. Ancak mevcut y\u00f6netim genel ba\u015fkan\u0131 da yanl\u0131\u015f bilgilendirerek davac\u0131ym\u0131\u015f gibi bir hava olu\u015fturmaktad\u0131r&#8221;<br \/>\n<br \/>&#8220;Dava Marmaris Belediyesi ve yat\u0131r\u0131mc\u0131 taraf\u0131ndan kazan\u0131ld\u0131&#8221;<br \/>\n<br \/>\u0130zmir B\u00f6lge \u0130dare Mahkemesi 3. \u0130dare Dava Dairesi\u2019nin verdi\u011fi karara de\u011finen Oktay, &#8220;Bu dava Marmaris Belediyesi ve yat\u0131r\u0131mc\u0131 taraf\u0131ndan kazan\u0131lm\u0131\u015ft\u0131r. Ancak mevcut y\u00f6netim bu ger\u00e7e\u011fi \u00e7arp\u0131tarak kamuoyunu yan\u0131ltmaktad\u0131r.&#8221; dedi.<br \/>\n<br \/>&#8220;Yanl\u0131\u015f bilgilendirme Marmaris\u2019e zarar veriyor&#8221;<br \/>\n<br \/>Oktay, a\u00e7\u0131klamas\u0131n\u0131n sonunda, &#8220;G\u00fcnl\u00fck ve ki\u015fisel \u00e7\u0131karlar \u00e7er\u00e7evesinde yap\u0131lan a\u00e7\u0131klamalar Marmaris\u2019e zarar veriyor. E\u011fer mevcut y\u00f6netim bu tutumuna devam eder ve yat\u0131r\u0131mc\u0131 firmaya haks\u0131z gerek\u00e7elerle engel \u00e7\u0131kar\u0131rsa, milyarlarca liral\u0131k tazminat g\u00fcndeme gelebilir. Bunun vebalini t\u00fcm Marmaris halk\u0131 \u00e7eker.&#8221; ifadelerini kulland\u0131.<br \/>\n<br \/>&#8220;T\u00fcm i\u015flemler yasal izinli&#8221;<br \/>\n<br \/>Gazetecilerin sorular\u0131n\u0131 da yan\u0131tlayan Oktay, in\u015faat ve patlatma i\u015flemleriyle ilgili olarak, &#8220;Patlatma konusuyla ilgili d\u00f6nemin \u00c7evre ve \u015eehircilik Bakanl\u0131\u011f\u0131\u2019ndan gerekli izin al\u0131nm\u0131\u015ft\u0131r.&#8221; dedi.<br \/><\/p>\n","protected":false},"excerpt":{"rendered":"<p>Marmaris \u00f6nceki d\u00f6nem belediye ba\u015fkan\u0131 Mehmet Oktay, CHP Genel Ba\u015fkan\u0131 \u00d6zg\u00fcr \u00d6zel\u2019in kendisiyle ilgili yapt\u0131\u011f\u0131 a\u00e7\u0131klamalar\u0131n ard\u0131ndan Marmaris\u2019te bas\u0131n a\u00e7\u0131klamas\u0131 yapt\u0131. Oktay, \u00f6zellikle Sinpa\u015f arazisiyle ilgili iddialara yan\u0131t verdi. &#8220;\u0130\u00e7meler b\u00fct\u00fcnc\u00fcl imar plan\u0131 i\u00e7inde yer al\u0131yor&#8221; Oktay, 2005 y\u0131l\u0131nda \u0130\u00e7meler Belediyesi taraf\u0131ndan yap\u0131lan imar plan\u0131na dikkat \u00e7ekerek, &#8220;Ben belediye ba\u015fkan\u0131 olmadan, yani 2019 y\u0131l\u0131ndan \u00f6nce,&#8230;<\/p>\n","protected":false},"author":1,"featured_media":67584,"comment_status":"open","ping_status":"open","sticky":false,"template":"","format":"standard","meta":{"_crdt_document":"","footnotes":""},"categories":[127],"tags":[],"class_list":["post-67583","post","type-post","status-publish","format-standard","has-post-thumbnail","hentry","category-siyaset"],"_links":{"self":[{"href":"https:\/\/www.egemtv.com\/index.php?rest_route=\/wp\/v2\/posts\/67583","targetHints":{"allow":["GET"]}}],"collection":[{"href":"https:\/\/www.egemtv.com\/index.php?rest_route=\/wp\/v2\/posts"}],"about":[{"href":"https:\/\/www.egemtv.com\/index.php?rest_route=\/wp\/v2\/types\/post"}],"author":[{"embeddable":true,"href":"https:\/\/www.egemtv.com\/index.php?rest_route=\/wp\/v2\/users\/1"}],"replies":[{"embeddable":true,"href":"https:\/\/www.egemtv.com\/index.php?rest_route=%2Fwp%2Fv2%2Fcomments&post=67583"}],"version-history":[{"count":1,"href":"https:\/\/www.egemtv.com\/index.php?rest_route=\/wp\/v2\/posts\/67583\/revisions"}],"predecessor-version":[{"id":67585,"href":"https:\/\/www.egemtv.com\/index.php?rest_route=\/wp\/v2\/posts\/67583\/revisions\/67585"}],"wp:featuredmedia":[{"embeddable":true,"href":"https:\/\/www.egemtv.com\/index.php?rest_route=\/wp\/v2\/media\/67584"}],"wp:attachment":[{"href":"https:\/\/www.egemtv.com\/index.php?rest_route=%2Fwp%2Fv2%2Fmedia&parent=67583"}],"wp:term":[{"taxonomy":"category","embeddable":true,"href":"https:\/\/www.egemtv.com\/index.php?rest_route=%2Fwp%2Fv2%2Fcategories&post=67583"},{"taxonomy":"post_tag","embeddable":true,"href":"https:\/\/www.egemtv.com\/index.php?rest_route=%2Fwp%2Fv2%2Ftags&post=67583"}],"curies":[{"name":"wp","href":"https:\/\/api.w.org\/{rel}","templated":true}]}}