{"id":67580,"date":"2025-11-13T13:14:51","date_gmt":"2025-11-13T10:14:51","guid":{"rendered":"https:\/\/www.egemtv.com\/?p=67580"},"modified":"2025-11-13T13:14:52","modified_gmt":"2025-11-13T10:14:52","slug":"prof-dr-nazim-karalezli-muglada-sinir-yaralanmalari-fazla-oluyor","status":"publish","type":"post","link":"https:\/\/www.egemtv.com\/?p=67580","title":{"rendered":"Prof. Dr. Naz\u0131m Karalezli: &#8220;Mu\u011fla\u2019da sinir yaralanmalar\u0131 fazla oluyor&#8221;"},"content":{"rendered":"<p>El ve Mikrocerrahi alan\u0131nda uzman olan Prof. Dr. Mustafa Naz\u0131m Karalezli, el cerrahisinde en s\u0131k kar\u015f\u0131la\u015f\u0131lan yaralanmalar\u0131, sinir onar\u0131m\u0131yla ilgili merak edilenleri ve spor yaralanmalar\u0131na dair deneyimlerini anlatt\u0131.<br \/>\n<br \/>Ortopedinin olduk\u00e7a geni\u015f bir alan oldu\u011funu belirten Prof. Dr. Karalezli, bu bran\u015fta da alt uzmanl\u0131k alanlar\u0131n\u0131n giderek artt\u0131\u011f\u0131n\u0131 ifade etti. El ve Mikrocerrahi \u00fczerine uzmanla\u015fan Karalezli, 2010 y\u0131l\u0131nda T\u00fcrk El Cerrahisi Derne\u011fi\u2019nden El Cerrahisi Yeterlilik Belgesi ald\u0131\u011f\u0131n\u0131, ayn\u0131 y\u0131l Avrupa El Cerrahisi Derne\u011fi (FESSH) s\u0131nav\u0131nda ba\u015far\u0131l\u0131 olarak Avrupa El Cerrahisi Yeterlilik Belgesi\u2019ni de kazand\u0131\u011f\u0131n\u0131 s\u00f6yledi. Ayr\u0131ca spor yaralanmalar\u0131, spor hekimli\u011fi ve kas-iskelet sistemi t\u00fcm\u00f6rleriyle de ilgilendi\u011fini belirtti.<br \/>\n<br \/>Prof. Dr. Karalezli, el cerrahisi alan\u0131nda en s\u0131k kar\u015f\u0131la\u015f\u0131lan problemler hakk\u0131nda da bilgi verdi. Konya\u2019da g\u00f6rev yapt\u0131\u011f\u0131 d\u00f6nemde sanayi ve n\u00fcfus yo\u011funlu\u011funa ba\u011fl\u0131 olarak spor yaralanmalar\u0131 ve i\u015f kazalar\u0131n\u0131n olduk\u00e7a fazla oldu\u011funu, \u00f6zellikle omuz ve diz problemlerinin s\u0131k g\u00f6r\u00fcld\u00fc\u011f\u00fcn\u00fc belirtti.<br \/>\n<br \/>Karalezli, &#8220;Mu\u011fla\u2019da i\u015f kazas\u0131 daha az. Bunun yan\u0131nda elde tendon ve sinir kesileri olduk\u00e7a fazla. Yani Mu\u011fla da evde yaralanmalar sonucunda tendon ve sinir yaralanmalar\u0131 daha fazla oluyor diyebilirim.&#8221; dedi.<br \/>\n<br \/>&#8220;Kesilen sinir iyile\u015febilir&#8221;<br \/>\n<br \/>Sinir yaralanmalar\u0131n\u0131n geni\u015f bir yelpazede seyretti\u011fini ifade eden Karalezli, &#8220;Do\u011fum s\u0131ras\u0131nda bebe\u011fin \u00e7ekilmesiyle kola ve omza giden sinirlerin kopmas\u0131ndan, eldeki k\u00fc\u00e7\u00fck duyu sinirlerinin kesilmesine kadar pek \u00e7ok farkl\u0131 durum s\u00f6z konusu olabilir. Ancak kesilen veya kopan bir sinir, san\u0131lan\u0131n aksine dikilebilir ve iyile\u015febilir.&#8221; dedi.<br \/>\n<br \/>El cerrahisinde kendisini en \u00e7ok zorlayan vakalar\u0131n amputasyonlar, yani uzuv kopmalar\u0131 oldu\u011funu belirten Karalezli, &#8220;Yap\u0131lan ameliyat replantasyon olarak adland\u0131r\u0131l\u0131r. Bu s\u00fcre\u00e7te kemik, damar, sinir ve kaslar\u0131n tamam\u0131n\u0131 dikiyoruz. Zamanla yar\u0131\u015ft\u0131\u011f\u0131m\u0131z i\u00e7in olduk\u00e7a hassas ve yorucu bir ameliyatt\u0131r. Ayr\u0131ca ezilme tarz\u0131 i\u015f kazalar\u0131nda doku beslenmesi bozulur, kemikler \u00e7ok par\u00e7al\u0131 k\u0131r\u0131l\u0131r; bu t\u00fcr vakalar da zorlu operasyonlard\u0131r.&#8221; ifadelerini kulland\u0131.<br \/>\n<br \/>Spor yaralanmalar\u0131n\u0131n da \u00f6zel ilgi alan\u0131 oldu\u011funu vurgulayan Karalezli, Mu\u011fla\u2019ya gelmeden \u00f6nce Meram T\u0131p Fak\u00fcltesi\u2019nde Spor Hekimli\u011fi Anabilim Dal\u0131 Ba\u015fkan\u0131 olarak g\u00f6rev yapt\u0131\u011f\u0131n\u0131 hat\u0131rlatt\u0131. &#8220;Hem basketbolcular hem futbolcularla \u00e7al\u0131\u015ft\u0131m. Yurtd\u0131\u015f\u0131nda alan\u0131nda \u00f6nemli hocalarla da \u00e7al\u0131\u015fma f\u0131rsat\u0131m oldu. Mu\u011flaspor\u2019da y\u00f6neticilik yapt\u0131\u011f\u0131m d\u00f6nemde futbolcular\u0131m\u0131z\u0131n tedavilerini de ger\u00e7ekle\u015ftirdim.&#8221; diyen Karalezli, sporcularda k\u0131k\u0131rdak ve kas yaralanmalar\u0131n\u0131n s\u0131k g\u00f6r\u00fcld\u00fc\u011f\u00fcn\u00fc, \u00f6zellikle k\u0131k\u0131rdak problemlerinin sporu b\u0131rakma noktas\u0131na kadar ilerleyebildi\u011fini ifade etti.<br \/>\n<br \/>1970 Osmaniye do\u011fumlu olan Prof. Dr. Mustafa Naz\u0131m Karalezli, Ankara T\u0131p Fak\u00fcltesi mezunu. Do\u00e7entlik ve profes\u00f6rl\u00fck unvanlar\u0131n\u0131 Konya Meram T\u0131p Fak\u00fcltesi\u2019nde alan Karalezli, 2015 y\u0131l\u0131nda Mu\u011fla S\u0131tk\u0131 Ko\u00e7man \u00dcniversitesi\u2019nde g\u00f6reve ba\u015flad\u0131. Burada El Cerrahisi Bilim Dal\u0131 Ba\u015fkanl\u0131\u011f\u0131 g\u00f6revini y\u00fcr\u00fct\u00fcrken 16 Mart 2024 tarihinde emekli olan Karalezli, meslek hayat\u0131na Mente\u015fe\u2019de kendi muayenehanesinde devam ediyor.<br \/><\/p>\n","protected":false},"excerpt":{"rendered":"<p>El ve Mikrocerrahi alan\u0131nda uzman olan Prof. Dr. Mustafa Naz\u0131m Karalezli, el cerrahisinde en s\u0131k kar\u015f\u0131la\u015f\u0131lan yaralanmalar\u0131, sinir onar\u0131m\u0131yla ilgili merak edilenleri ve spor yaralanmalar\u0131na dair deneyimlerini anlatt\u0131. Ortopedinin olduk\u00e7a geni\u015f bir alan oldu\u011funu belirten Prof. Dr. Karalezli, bu bran\u015fta da alt uzmanl\u0131k alanlar\u0131n\u0131n giderek artt\u0131\u011f\u0131n\u0131 ifade etti. El ve Mikrocerrahi \u00fczerine uzmanla\u015fan Karalezli, 2010&#8230;<\/p>\n","protected":false},"author":1,"featured_media":67581,"comment_status":"open","ping_status":"open","sticky":false,"template":"","format":"standard","meta":{"_crdt_document":"","footnotes":""},"categories":[1],"tags":[],"class_list":["post-67580","post","type-post","status-publish","format-standard","has-post-thumbnail","hentry","category-guncel"],"_links":{"self":[{"href":"https:\/\/www.egemtv.com\/index.php?rest_route=\/wp\/v2\/posts\/67580","targetHints":{"allow":["GET"]}}],"collection":[{"href":"https:\/\/www.egemtv.com\/index.php?rest_route=\/wp\/v2\/posts"}],"about":[{"href":"https:\/\/www.egemtv.com\/index.php?rest_route=\/wp\/v2\/types\/post"}],"author":[{"embeddable":true,"href":"https:\/\/www.egemtv.com\/index.php?rest_route=\/wp\/v2\/users\/1"}],"replies":[{"embeddable":true,"href":"https:\/\/www.egemtv.com\/index.php?rest_route=%2Fwp%2Fv2%2Fcomments&post=67580"}],"version-history":[{"count":1,"href":"https:\/\/www.egemtv.com\/index.php?rest_route=\/wp\/v2\/posts\/67580\/revisions"}],"predecessor-version":[{"id":67582,"href":"https:\/\/www.egemtv.com\/index.php?rest_route=\/wp\/v2\/posts\/67580\/revisions\/67582"}],"wp:featuredmedia":[{"embeddable":true,"href":"https:\/\/www.egemtv.com\/index.php?rest_route=\/wp\/v2\/media\/67581"}],"wp:attachment":[{"href":"https:\/\/www.egemtv.com\/index.php?rest_route=%2Fwp%2Fv2%2Fmedia&parent=67580"}],"wp:term":[{"taxonomy":"category","embeddable":true,"href":"https:\/\/www.egemtv.com\/index.php?rest_route=%2Fwp%2Fv2%2Fcategories&post=67580"},{"taxonomy":"post_tag","embeddable":true,"href":"https:\/\/www.egemtv.com\/index.php?rest_route=%2Fwp%2Fv2%2Ftags&post=67580"}],"curies":[{"name":"wp","href":"https:\/\/api.w.org\/{rel}","templated":true}]}}