{"id":67574,"date":"2025-11-13T12:55:43","date_gmt":"2025-11-13T09:55:43","guid":{"rendered":"https:\/\/www.egemtv.com\/?p=67574"},"modified":"2025-11-13T12:55:44","modified_gmt":"2025-11-13T09:55:44","slug":"komutan-vedat-kultur-ile-yeni-yil-hedeflerini-gorustuler","status":"publish","type":"post","link":"https:\/\/www.egemtv.com\/?p=67574","title":{"rendered":"Komutan Vedat K\u00fclt\u00fcr ile yeni y\u0131l hedeflerini g\u00f6r\u00fc\u015ft\u00fcler"},"content":{"rendered":"<p>Y\u00fcz\u00fcnc\u00fc Y\u0131l Tarih, K\u00fclt\u00fcr, Sanat ve Foto\u011fraf Derne\u011fi Y\u00f6netim Kurulu \u00fcyeleri, K\u00fctahya \u0130l Jandarma Alay Komutan\u0131 Jandarma Albay Vedat K\u00fclt\u00fcr\u2019e nezaket ziyaretinde bulundu.<br \/>\n<br \/>Ziyaret, \u015fehit haberlerinin geldi\u011fi anlaml\u0131 bir g\u00fcnde ger\u00e7ekle\u015fti. Dernek y\u00f6neticileri, Albay Vedat K\u00fclt\u00fcr\u2019e ba\u015fsa\u011fl\u0131\u011f\u0131 dileklerini ileterek \u015fehitler i\u00e7in taziyelerini sundu. G\u00f6r\u00fc\u015fmede dernek yetkilileri, y\u00fcr\u00fctt\u00fckleri \u00e7al\u0131\u015fmalar ve projeler hakk\u0131nda bilgi vererek, 2025-2026 sezonu i\u00e7in planlanan yeni projeler \u00fczerine isti\u015farelerde bulundu. Yap\u0131lan g\u00f6r\u00fc\u015fmeler sonucunda, dernek ve K\u00fctahya \u0130l Jandarma Komutanl\u0131\u011f\u0131 aras\u0131nda baz\u0131 projelerde i\u015f birli\u011fi yap\u0131lmas\u0131 konusunda fikir birli\u011fine var\u0131ld\u0131.<br \/>\n<br \/>Y\u00fcz\u00fcnc\u00fc Y\u0131l Tarih, K\u00fclt\u00fcr, Sanat ve Foto\u011fraf Derne\u011fi y\u00f6neticileri, g\u00f6sterdikleri ilgi ve misafirperverlik i\u00e7in K\u00fctahya \u0130l Jandarma Alay Komutan\u0131 Jandarma Albay Vedat K\u00fclt\u00fcr\u2019e ve t\u00fcm personeline te\u015fekk\u00fcr etti.<br \/><\/p>\n","protected":false},"excerpt":{"rendered":"<p>Y\u00fcz\u00fcnc\u00fc Y\u0131l Tarih, K\u00fclt\u00fcr, Sanat ve Foto\u011fraf Derne\u011fi Y\u00f6netim Kurulu \u00fcyeleri, K\u00fctahya \u0130l Jandarma Alay Komutan\u0131 Jandarma Albay Vedat K\u00fclt\u00fcr\u2019e nezaket ziyaretinde bulundu. Ziyaret, \u015fehit haberlerinin geldi\u011fi anlaml\u0131 bir g\u00fcnde ger\u00e7ekle\u015fti. Dernek y\u00f6neticileri, Albay Vedat K\u00fclt\u00fcr\u2019e ba\u015fsa\u011fl\u0131\u011f\u0131 dileklerini ileterek \u015fehitler i\u00e7in taziyelerini sundu. G\u00f6r\u00fc\u015fmede dernek yetkilileri, y\u00fcr\u00fctt\u00fckleri \u00e7al\u0131\u015fmalar ve projeler hakk\u0131nda bilgi vererek, 2025-2026 sezonu&#8230;<\/p>\n","protected":false},"author":1,"featured_media":67575,"comment_status":"open","ping_status":"open","sticky":false,"template":"","format":"standard","meta":{"_crdt_document":"","footnotes":""},"categories":[1],"tags":[],"class_list":["post-67574","post","type-post","status-publish","format-standard","has-post-thumbnail","hentry","category-guncel"],"_links":{"self":[{"href":"https:\/\/www.egemtv.com\/index.php?rest_route=\/wp\/v2\/posts\/67574","targetHints":{"allow":["GET"]}}],"collection":[{"href":"https:\/\/www.egemtv.com\/index.php?rest_route=\/wp\/v2\/posts"}],"about":[{"href":"https:\/\/www.egemtv.com\/index.php?rest_route=\/wp\/v2\/types\/post"}],"author":[{"embeddable":true,"href":"https:\/\/www.egemtv.com\/index.php?rest_route=\/wp\/v2\/users\/1"}],"replies":[{"embeddable":true,"href":"https:\/\/www.egemtv.com\/index.php?rest_route=%2Fwp%2Fv2%2Fcomments&post=67574"}],"version-history":[{"count":1,"href":"https:\/\/www.egemtv.com\/index.php?rest_route=\/wp\/v2\/posts\/67574\/revisions"}],"predecessor-version":[{"id":67576,"href":"https:\/\/www.egemtv.com\/index.php?rest_route=\/wp\/v2\/posts\/67574\/revisions\/67576"}],"wp:featuredmedia":[{"embeddable":true,"href":"https:\/\/www.egemtv.com\/index.php?rest_route=\/wp\/v2\/media\/67575"}],"wp:attachment":[{"href":"https:\/\/www.egemtv.com\/index.php?rest_route=%2Fwp%2Fv2%2Fmedia&parent=67574"}],"wp:term":[{"taxonomy":"category","embeddable":true,"href":"https:\/\/www.egemtv.com\/index.php?rest_route=%2Fwp%2Fv2%2Fcategories&post=67574"},{"taxonomy":"post_tag","embeddable":true,"href":"https:\/\/www.egemtv.com\/index.php?rest_route=%2Fwp%2Fv2%2Ftags&post=67574"}],"curies":[{"name":"wp","href":"https:\/\/api.w.org\/{rel}","templated":true}]}}