{"id":67571,"date":"2025-11-13T12:55:42","date_gmt":"2025-11-13T09:55:42","guid":{"rendered":"https:\/\/www.egemtv.com\/?p=67571"},"modified":"2025-11-13T12:55:43","modified_gmt":"2025-11-13T09:55:43","slug":"minik-ogrencilere-trafik-egitimi","status":"publish","type":"post","link":"https:\/\/www.egemtv.com\/?p=67571","title":{"rendered":"Minik \u00f6\u011frencilere trafik e\u011fitimi"},"content":{"rendered":"<p>K\u00fctahya \u0130l Emniyet M\u00fcd\u00fcrl\u00fc\u011f\u00fc Trafik \u015eube M\u00fcd\u00fcrl\u00fc\u011f\u00fc ekipleri taraf\u0131ndan, trafik e\u011fitim ve bilgilendirme faaliyetleri kapsam\u0131nda il merkezi ile Aslanapa ve Alt\u0131nta\u015f il\u00e7elerinde \u00f6\u011frencilere y\u00f6nelik trafik e\u011fitimi ger\u00e7ekle\u015ftirildi.<br \/>\n<br \/>Gelece\u011fin s\u00fcr\u00fcc\u00fc adaylar\u0131 olan minik \u00f6\u011frenciler i\u00e7in olu\u015fturulan Seyyar \u00c7ocuk Trafik E\u011fitim Park\u0131\u2019nda, genel trafik kurallar\u0131yla ilgili teorik ve uygulamal\u0131 e\u011fitimler verildi. Etkinlik kapsam\u0131nda \u00e7ocuklara, trafikte g\u00fcvenli y\u00fcr\u00fcme, yaya ge\u00e7idi kullan\u0131m\u0131, trafik \u0131\u015f\u0131klar\u0131 ve i\u015faret levhalar\u0131n\u0131n anlam\u0131 gibi konularda bilgi aktar\u0131ld\u0131. Uygulamal\u0131 e\u011fitimlerle \u00f6\u011frencilerin trafikte do\u011fru davran\u0131\u015f al\u0131\u015fkanl\u0131klar\u0131 kazanmalar\u0131 hedeflendi.<br \/>\n<br \/>K\u00fctahya \u0130l Emniyet M\u00fcd\u00fcrl\u00fc\u011f\u00fc yetkilileri, trafik bilincinin erken ya\u015fta kazand\u0131r\u0131lmas\u0131n\u0131n \u00f6nemine dikkat \u00e7ekerek benzer e\u011fitim faaliyetlerinin il genelinde s\u00fcrd\u00fcr\u00fclece\u011fini bildirdi.<br \/><\/p>\n","protected":false},"excerpt":{"rendered":"<p>K\u00fctahya \u0130l Emniyet M\u00fcd\u00fcrl\u00fc\u011f\u00fc Trafik \u015eube M\u00fcd\u00fcrl\u00fc\u011f\u00fc ekipleri taraf\u0131ndan, trafik e\u011fitim ve bilgilendirme faaliyetleri kapsam\u0131nda il merkezi ile Aslanapa ve Alt\u0131nta\u015f il\u00e7elerinde \u00f6\u011frencilere y\u00f6nelik trafik e\u011fitimi ger\u00e7ekle\u015ftirildi. Gelece\u011fin s\u00fcr\u00fcc\u00fc adaylar\u0131 olan minik \u00f6\u011frenciler i\u00e7in olu\u015fturulan Seyyar \u00c7ocuk Trafik E\u011fitim Park\u0131\u2019nda, genel trafik kurallar\u0131yla ilgili teorik ve uygulamal\u0131 e\u011fitimler verildi. Etkinlik kapsam\u0131nda \u00e7ocuklara, trafikte g\u00fcvenli y\u00fcr\u00fcme,&#8230;<\/p>\n","protected":false},"author":1,"featured_media":67572,"comment_status":"open","ping_status":"open","sticky":false,"template":"","format":"standard","meta":{"_crdt_document":"","footnotes":""},"categories":[1],"tags":[],"class_list":["post-67571","post","type-post","status-publish","format-standard","has-post-thumbnail","hentry","category-guncel"],"_links":{"self":[{"href":"https:\/\/www.egemtv.com\/index.php?rest_route=\/wp\/v2\/posts\/67571","targetHints":{"allow":["GET"]}}],"collection":[{"href":"https:\/\/www.egemtv.com\/index.php?rest_route=\/wp\/v2\/posts"}],"about":[{"href":"https:\/\/www.egemtv.com\/index.php?rest_route=\/wp\/v2\/types\/post"}],"author":[{"embeddable":true,"href":"https:\/\/www.egemtv.com\/index.php?rest_route=\/wp\/v2\/users\/1"}],"replies":[{"embeddable":true,"href":"https:\/\/www.egemtv.com\/index.php?rest_route=%2Fwp%2Fv2%2Fcomments&post=67571"}],"version-history":[{"count":1,"href":"https:\/\/www.egemtv.com\/index.php?rest_route=\/wp\/v2\/posts\/67571\/revisions"}],"predecessor-version":[{"id":67573,"href":"https:\/\/www.egemtv.com\/index.php?rest_route=\/wp\/v2\/posts\/67571\/revisions\/67573"}],"wp:featuredmedia":[{"embeddable":true,"href":"https:\/\/www.egemtv.com\/index.php?rest_route=\/wp\/v2\/media\/67572"}],"wp:attachment":[{"href":"https:\/\/www.egemtv.com\/index.php?rest_route=%2Fwp%2Fv2%2Fmedia&parent=67571"}],"wp:term":[{"taxonomy":"category","embeddable":true,"href":"https:\/\/www.egemtv.com\/index.php?rest_route=%2Fwp%2Fv2%2Fcategories&post=67571"},{"taxonomy":"post_tag","embeddable":true,"href":"https:\/\/www.egemtv.com\/index.php?rest_route=%2Fwp%2Fv2%2Ftags&post=67571"}],"curies":[{"name":"wp","href":"https:\/\/api.w.org\/{rel}","templated":true}]}}