{"id":67568,"date":"2025-11-13T12:55:42","date_gmt":"2025-11-13T09:55:42","guid":{"rendered":"https:\/\/www.egemtv.com\/?p=67568"},"modified":"2025-11-13T12:55:42","modified_gmt":"2025-11-13T09:55:42","slug":"kutahya-polisi-uyusturucuyla-mucadelede-kararliligini-surduruyor","status":"publish","type":"post","link":"https:\/\/www.egemtv.com\/?p=67568","title":{"rendered":"K\u00fctahya polisi uyu\u015fturucuyla m\u00fccadelede kararl\u0131l\u0131\u011f\u0131n\u0131 s\u00fcrd\u00fcr\u00fcyor"},"content":{"rendered":"<p>K\u00fctahya \u0130l Emniyet M\u00fcd\u00fcrl\u00fc\u011f\u00fc ekipleri, uyu\u015fturucu ile m\u00fccadele kapsam\u0131nda \u00e7al\u0131\u015fmalar\u0131n\u0131 aral\u0131ks\u0131z s\u00fcrd\u00fcr\u00fcyor. Ekipler, son iki hafta i\u00e7inde kent merkezi ve il\u00e7elerde toplam 49 operasyon ger\u00e7ekle\u015ftirdi.<br \/>\n<br \/>Yap\u0131lan operasyonlarda uyu\u015fturucu ticareti yapt\u0131klar\u0131 tespit edilen 83 \u015f\u00fcpheli g\u00f6zalt\u0131na al\u0131nd\u0131. Emniyetteki i\u015flemlerinin ard\u0131ndan adliyeye sevk edilen \u015f\u00fcphelilerden 17\u2019si tutuklanarak cezaevine g\u00f6nderildi.<br \/>\n<br \/>K\u00fctahya \u0130l Emniyet M\u00fcd\u00fcrl\u00fc\u011f\u00fc\u2019nden yap\u0131lan a\u00e7\u0131klamada, uyu\u015fturucuyla m\u00fccadelenin kararl\u0131l\u0131kla devam edece\u011fi vurguland\u0131. A\u00e7\u0131klamada \u015fu ifadelere yer verildi:<br \/>\n<br \/>&#8220;Gen\u00e7lerimizin hayallerini ye\u015fertmeye devam edece\u011fiz. K\u00fctahya\u2019m\u0131z\u0131n ba\u011f\u0131ms\u0131z gelece\u011fi i\u00e7in uyu\u015fturucu ve her t\u00fcrl\u00fc su\u00e7 ve su\u00e7luyla m\u00fccadelemiz kararl\u0131l\u0131kla devam edecek.&#8221;<br \/><\/p>\n","protected":false},"excerpt":{"rendered":"<p>K\u00fctahya \u0130l Emniyet M\u00fcd\u00fcrl\u00fc\u011f\u00fc ekipleri, uyu\u015fturucu ile m\u00fccadele kapsam\u0131nda \u00e7al\u0131\u015fmalar\u0131n\u0131 aral\u0131ks\u0131z s\u00fcrd\u00fcr\u00fcyor. Ekipler, son iki hafta i\u00e7inde kent merkezi ve il\u00e7elerde toplam 49 operasyon ger\u00e7ekle\u015ftirdi. Yap\u0131lan operasyonlarda uyu\u015fturucu ticareti yapt\u0131klar\u0131 tespit edilen 83 \u015f\u00fcpheli g\u00f6zalt\u0131na al\u0131nd\u0131. Emniyetteki i\u015flemlerinin ard\u0131ndan adliyeye sevk edilen \u015f\u00fcphelilerden 17\u2019si tutuklanarak cezaevine g\u00f6nderildi. K\u00fctahya \u0130l Emniyet M\u00fcd\u00fcrl\u00fc\u011f\u00fc\u2019nden yap\u0131lan a\u00e7\u0131klamada, uyu\u015fturucuyla m\u00fccadelenin&#8230;<\/p>\n","protected":false},"author":1,"featured_media":67569,"comment_status":"open","ping_status":"open","sticky":false,"template":"","format":"standard","meta":{"_crdt_document":"","footnotes":""},"categories":[5],"tags":[],"class_list":["post-67568","post","type-post","status-publish","format-standard","has-post-thumbnail","hentry","category-asayis"],"_links":{"self":[{"href":"https:\/\/www.egemtv.com\/index.php?rest_route=\/wp\/v2\/posts\/67568","targetHints":{"allow":["GET"]}}],"collection":[{"href":"https:\/\/www.egemtv.com\/index.php?rest_route=\/wp\/v2\/posts"}],"about":[{"href":"https:\/\/www.egemtv.com\/index.php?rest_route=\/wp\/v2\/types\/post"}],"author":[{"embeddable":true,"href":"https:\/\/www.egemtv.com\/index.php?rest_route=\/wp\/v2\/users\/1"}],"replies":[{"embeddable":true,"href":"https:\/\/www.egemtv.com\/index.php?rest_route=%2Fwp%2Fv2%2Fcomments&post=67568"}],"version-history":[{"count":1,"href":"https:\/\/www.egemtv.com\/index.php?rest_route=\/wp\/v2\/posts\/67568\/revisions"}],"predecessor-version":[{"id":67570,"href":"https:\/\/www.egemtv.com\/index.php?rest_route=\/wp\/v2\/posts\/67568\/revisions\/67570"}],"wp:featuredmedia":[{"embeddable":true,"href":"https:\/\/www.egemtv.com\/index.php?rest_route=\/wp\/v2\/media\/67569"}],"wp:attachment":[{"href":"https:\/\/www.egemtv.com\/index.php?rest_route=%2Fwp%2Fv2%2Fmedia&parent=67568"}],"wp:term":[{"taxonomy":"category","embeddable":true,"href":"https:\/\/www.egemtv.com\/index.php?rest_route=%2Fwp%2Fv2%2Fcategories&post=67568"},{"taxonomy":"post_tag","embeddable":true,"href":"https:\/\/www.egemtv.com\/index.php?rest_route=%2Fwp%2Fv2%2Ftags&post=67568"}],"curies":[{"name":"wp","href":"https:\/\/api.w.org\/{rel}","templated":true}]}}